{"id":1908,"date":"2021-07-23T09:08:25","date_gmt":"2021-07-23T12:08:25","guid":{"rendered":"http:\/\/cultura.sma.gob.ar\/?p=1908"},"modified":"2021-07-23T09:08:25","modified_gmt":"2021-07-23T12:08:25","slug":"el-soplador-de-estrellas-en-la-sala-amankay","status":"publish","type":"post","link":"https:\/\/cultura.sma.gob.ar\/?p=1908","title":{"rendered":"El soplador de estrellas en la Sala Amankay"},"content":{"rendered":"\n<figure class=\"wp-block-image size-large is-resized\"><img loading=\"lazy\" decoding=\"async\" src=\"http:\/\/cultura.sma.gob.ar\/wp-content\/uploads\/2021\/07\/Flyer-El-Soplador-de-Estrellas-31-de-julio-723x1024.jpg\" alt=\"\" class=\"wp-image-1909\" width=\"565\" height=\"800\" srcset=\"https:\/\/cultura.sma.gob.ar\/wp-content\/uploads\/2021\/07\/Flyer-El-Soplador-de-Estrellas-31-de-julio-723x1024.jpg 723w, https:\/\/cultura.sma.gob.ar\/wp-content\/uploads\/2021\/07\/Flyer-El-Soplador-de-Estrellas-31-de-julio-212x300.jpg 212w, https:\/\/cultura.sma.gob.ar\/wp-content\/uploads\/2021\/07\/Flyer-El-Soplador-de-Estrellas-31-de-julio-768x1087.jpg 768w, https:\/\/cultura.sma.gob.ar\/wp-content\/uploads\/2021\/07\/Flyer-El-Soplador-de-Estrellas-31-de-julio-64x90.jpg 64w, https:\/\/cultura.sma.gob.ar\/wp-content\/uploads\/2021\/07\/Flyer-El-Soplador-de-Estrellas-31-de-julio.jpg 904w\" sizes=\"auto, (max-width: 565px) 100vw, 565px\" \/><\/figure>\n\n\n\n<p>El pr\u00f3ximo s\u00e1bado 31 de julio a las 17:00hs en la Sala Amankay de nuestro querido Centro Cultural Cotesma, volveremos a disfrutar una hermosa jornada de teatro infantil con \u201cEL SOPLADOR DE ESTRELLAS\u201d. Una obra de Ricardo Talento, dirigida por Eleonora Arias y protagonizada por Lucrecia Panzia y Guido Bot\u00edn.<\/p>\n\n\n\n<p><em>En medio de extra\u00f1os inventos, y en un desesperado af\u00e1n por querer salvar a la humanidad de las cat\u00e1strofes que la asuelan, alguien apaga una estrella\u2026 y luego otra, y una m\u00e1s.<br>\u00bfQu\u00e9 ocurre en esa terraza? \u00bfQui\u00e9n extingue las luces del firmamento?<br>Mientras tanto, abajo, en la Tierra, todo sigue igual y se evidencia la inutilidad del sacrificio astron\u00f3mico.<br>Los personajes descubrir\u00e1n que &#8220;a los deseos, para que se cumplan, hay que ayudarlos un poco&#8221;<\/em><\/p>\n\n\n\n<p>-S\u00cdNTESIS ARGUMENTAL DE LA PROPUESTA: Sobre una terraza, una cient\u00edfica enredada en sus extra\u00f1os inventos, formula tres, cuatro, mil deseos para salvar a la humanidad de las cat\u00e1strofes que la asuelan&#8230; y apaga una estrella. Una a una, va extinguiendo las luces de esas lejanas velas del firmamento, en su desesperado af\u00e1n por realizar sus sue\u00f1os de utop\u00eda. Pero abajo, en la Tierra, todo sigue igual. Har\u00e1 falta que llegue un asistente para que quede en evidencia la inutilidad del sacrificio astron\u00f3mico. La obra se proyecta como un cuento, para las generaciones que reci\u00e9n se asoman a las butacas. Un tono po\u00e9tico flota sobre los di\u00e1logos que construyen y resuelven el conflicto sobre el mirador. La puesta potencia a la vez el humor latente en cada escena, eficazmente apoyado por m\u00fasica y escenograf\u00eda. Los actores juegan sus personajes en clave de clown, sin narices ni pelucas.<\/p>\n\n\n\n<p>Entradas Anticipadas $400.- El mismo D\u00eda $450.- En venta en la boleteria del Centro Cultural Cotesma.<br>Cupos Limitados.<\/p>\n","protected":false},"excerpt":{"rendered":"<p>S\u00e1bado 31 de julio a las 17hs en el Centro Cultural Cotesma <a href=\"https:\/\/cultura.sma.gob.ar\/?p=1908\" class=\"more-link\">Continue reading <span class=\"screen-reader-text\">El soplador de estrellas en la Sala Amankay<\/span><\/a><\/p>\n","protected":false},"author":1,"featured_media":297,"comment_status":"closed","ping_status":"","sticky":false,"template":"","format":"image","meta":{"footnotes":""},"categories":[2],"tags":[59],"class_list":["post-1908","post","type-post","status-publish","format-image","has-post-thumbnail","hentry","category-ciudad-cultural","tag-teatro-infantil","post_format-post-format-image"],"_links":{"self":[{"href":"https:\/\/cultura.sma.gob.ar\/index.php?rest_route=\/wp\/v2\/posts\/1908","targetHints":{"allow":["GET"]}}],"collection":[{"href":"https:\/\/cultura.sma.gob.ar\/index.php?rest_route=\/wp\/v2\/posts"}],"about":[{"href":"https:\/\/cultura.sma.gob.ar\/index.php?rest_route=\/wp\/v2\/types\/post"}],"author":[{"embeddable":true,"href":"https:\/\/cultura.sma.gob.ar\/index.php?rest_route=\/wp\/v2\/users\/1"}],"replies":[{"embeddable":true,"href":"https:\/\/cultura.sma.gob.ar\/index.php?rest_route=%2Fwp%2Fv2%2Fcomments&post=1908"}],"version-history":[{"count":1,"href":"https:\/\/cultura.sma.gob.ar\/index.php?rest_route=\/wp\/v2\/posts\/1908\/revisions"}],"predecessor-version":[{"id":1910,"href":"https:\/\/cultura.sma.gob.ar\/index.php?rest_route=\/wp\/v2\/posts\/1908\/revisions\/1910"}],"wp:featuredmedia":[{"embeddable":true,"href":"https:\/\/cultura.sma.gob.ar\/index.php?rest_route=\/wp\/v2\/media\/297"}],"wp:attachment":[{"href":"https:\/\/cultura.sma.gob.ar\/index.php?rest_route=%2Fwp%2Fv2%2Fmedia&parent=1908"}],"wp:term":[{"taxonomy":"category","embeddable":true,"href":"https:\/\/cultura.sma.gob.ar\/index.php?rest_route=%2Fwp%2Fv2%2Fcategories&post=1908"},{"taxonomy":"post_tag","embeddable":true,"href":"https:\/\/cultura.sma.gob.ar\/index.php?rest_route=%2Fwp%2Fv2%2Ftags&post=1908"}],"curies":[{"name":"wp","href":"https:\/\/api.w.org\/{rel}","templated":true}]}}