{"id":1899,"date":"2021-07-22T09:32:28","date_gmt":"2021-07-22T12:32:28","guid":{"rendered":"http:\/\/cultura.sma.gob.ar\/?p=1899"},"modified":"2021-07-22T09:36:36","modified_gmt":"2021-07-22T12:36:36","slug":"creadores-2-juana-de-nicolay","status":"publish","type":"post","link":"https:\/\/cultura.sma.gob.ar\/?p=1899","title":{"rendered":"Creadores 2 &#8211; Juana de Nicolay"},"content":{"rendered":"\n<p>El pasado jueves 15 de julio, a trav\u00e9s de YouTube, inici\u00f3 esta serie de unitarios producidos por la Secretar\u00eda de Cultura que busca retratar el proceso creativo y la intimidad de la relaci\u00f3n que cada uno de estos artistas tiene con su propio arte.<\/p>\n\n\n\n<p>En la segunda entrega, que se estrenar\u00e1 el <strong>pr\u00f3ximo jueves 29 de julio a las 18hs<\/strong>, podremos conocer a <strong>Juana de Nicolay, <\/strong>joven artista visual de nuestra localidad, ilustradora,  interesada en la situaci\u00f3n del cuerpo en relaci\u00f3n con el espacio y la naturaleza.<\/p>\n\n\n\n<div class=\"wp-block-image\"><figure class=\"aligncenter size-large\"><img loading=\"lazy\" decoding=\"async\" width=\"800\" height=\"534\" src=\"http:\/\/cultura.sma.gob.ar\/wp-content\/uploads\/2021\/07\/IMG-20210721-WA0072.jpg\" alt=\"\" class=\"wp-image-1901\" srcset=\"https:\/\/cultura.sma.gob.ar\/wp-content\/uploads\/2021\/07\/IMG-20210721-WA0072.jpg 800w, https:\/\/cultura.sma.gob.ar\/wp-content\/uploads\/2021\/07\/IMG-20210721-WA0072-300x200.jpg 300w, https:\/\/cultura.sma.gob.ar\/wp-content\/uploads\/2021\/07\/IMG-20210721-WA0072-768x513.jpg 768w, https:\/\/cultura.sma.gob.ar\/wp-content\/uploads\/2021\/07\/IMG-20210721-WA0072-135x90.jpg 135w\" sizes=\"auto, (max-width: 800px) 100vw, 800px\" \/><\/figure><\/div>\n\n\n\n<p>Mediante diferentes t\u00e9cnicas, Juana retrata no solo lo que ve, sino tambi\u00e9n lo que siente que sucede, lo que subyace a la imagen, el interior del objeto. Su historia de vida la llev\u00f3 a investigar c\u00f3mo el arte atraviesa a las personas y les ayuda a comprender eventos reales. Ella es la que cuenta, en primera persona, su propia expriencia. <\/p>\n\n\n\n<p><strong>Creadores<\/strong> es una serie de entrevistas compuesta por cuatro episodios a estrenarse de forma quincenal. Busca no solo conocer el proyecto art\u00edstico sino a la persona detr\u00e1s del arte, su espacio de trabajo, su inspiraci\u00f3n y el camino recorrido para que esa creaci\u00f3n sea posible. La intimidad y la cercan\u00eda hacen que podamos conocerla a trav\u00e9s de sus propios ojos. <\/p>\n","protected":false},"excerpt":{"rendered":"<p>Estreno jueves 29 de julio a las 18hs por YouTube. <a href=\"https:\/\/cultura.sma.gob.ar\/?p=1899\" class=\"more-link\">Continue reading <span class=\"screen-reader-text\">Creadores 2 &#8211; Juana de Nicolay<\/span><\/a><\/p>\n","protected":false},"author":1,"featured_media":1903,"comment_status":"closed","ping_status":"","sticky":false,"template":"","format":"image","meta":{"footnotes":""},"categories":[6],"tags":[58,57,20],"class_list":["post-1899","post","type-post","status-publish","format-image","has-post-thumbnail","hentry","category-sala-lidaura-chapitel","tag-audiovisual","tag-creadores","tag-entrevistas","post_format-post-format-image"],"_links":{"self":[{"href":"https:\/\/cultura.sma.gob.ar\/index.php?rest_route=\/wp\/v2\/posts\/1899","targetHints":{"allow":["GET"]}}],"collection":[{"href":"https:\/\/cultura.sma.gob.ar\/index.php?rest_route=\/wp\/v2\/posts"}],"about":[{"href":"https:\/\/cultura.sma.gob.ar\/index.php?rest_route=\/wp\/v2\/types\/post"}],"author":[{"embeddable":true,"href":"https:\/\/cultura.sma.gob.ar\/index.php?rest_route=\/wp\/v2\/users\/1"}],"replies":[{"embeddable":true,"href":"https:\/\/cultura.sma.gob.ar\/index.php?rest_route=%2Fwp%2Fv2%2Fcomments&post=1899"}],"version-history":[{"count":3,"href":"https:\/\/cultura.sma.gob.ar\/index.php?rest_route=\/wp\/v2\/posts\/1899\/revisions"}],"predecessor-version":[{"id":1906,"href":"https:\/\/cultura.sma.gob.ar\/index.php?rest_route=\/wp\/v2\/posts\/1899\/revisions\/1906"}],"wp:featuredmedia":[{"embeddable":true,"href":"https:\/\/cultura.sma.gob.ar\/index.php?rest_route=\/wp\/v2\/media\/1903"}],"wp:attachment":[{"href":"https:\/\/cultura.sma.gob.ar\/index.php?rest_route=%2Fwp%2Fv2%2Fmedia&parent=1899"}],"wp:term":[{"taxonomy":"category","embeddable":true,"href":"https:\/\/cultura.sma.gob.ar\/index.php?rest_route=%2Fwp%2Fv2%2Fcategories&post=1899"},{"taxonomy":"post_tag","embeddable":true,"href":"https:\/\/cultura.sma.gob.ar\/index.php?rest_route=%2Fwp%2Fv2%2Ftags&post=1899"}],"curies":[{"name":"wp","href":"https:\/\/api.w.org\/{rel}","templated":true}]}}