{"id":1892,"date":"2021-07-19T08:53:14","date_gmt":"2021-07-19T11:53:14","guid":{"rendered":"http:\/\/cultura.sma.gob.ar\/?p=1892"},"modified":"2021-07-19T08:59:31","modified_gmt":"2021-07-19T11:59:31","slug":"juegos-neuquinos-culturales-2-edicion-virtual-2021","status":"publish","type":"post","link":"https:\/\/cultura.sma.gob.ar\/?p=1892","title":{"rendered":"JUEGOS NEUQUINOS CULTURALES 2\u00b0 EDICI\u00d3N VIRTUAL 2021"},"content":{"rendered":"\n<p>\u00a0A partir de este <strong>lunes 19 de julio y hasta el 20 de agosto<\/strong>, se encuentra abierta la inscripci\u00f3n para la instancia local de los Juegos Culturales Neuquinos 2021. Los participantes interesados deber\u00e1n tener entre 12 y 18 a\u00f1os y residir en la ciudad de San Mart\u00edn de los Andes.<\/p>\n\n\n\n<h4 class=\"wp-block-heading\">Para concretar la inscripci\u00f3n se invita a leer <a href=\"https:\/\/drive.google.com\/file\/d\/1lGdDF_5g4xI61EE-mGVwpeVy61-3tTi8\/view?usp=drivesdk\" data-type=\"URL\" data-id=\"https:\/\/drive.google.com\/file\/d\/1lGdDF_5g4xI61EE-mGVwpeVy61-3tTi8\/view?usp=drivesdk\">las bases y condiciones <\/a>para luego completar el <a href=\"https:\/\/drive.google.com\/file\/d\/1H7Gg-kcSM0NyO47BT2RgGmngmatZuupL\/view?usp=drivesdk\" data-type=\"URL\" data-id=\"https:\/\/drive.google.com\/file\/d\/1H7Gg-kcSM0NyO47BT2RgGmngmatZuupL\/view?usp=drivesdk\">formulario electronico<\/a> y enviarlo, junto con una copia del DNI (frente y dorso) por mail a eventos.cultura@smandes.gov.ar. Por consultas pueden comunicarse al 424804.<\/h4>\n\n\n\n<p>Los \u201cJuegos Neuquinos Culturales\u201d, son un programa permanente del Ministerio de las Culturas, el programa federal de arte joven m\u00e1s importante de toda la provincia, que contar\u00e1 con una instancia Local\/Provincial y la participaci\u00f3n de las y los j\u00f3venes seleccionados finalistas, que representar\u00e1n a la provincia en la instancia nacional a desarrollarse de manera virtual a trav\u00e9s de&nbsp; encuentros en talleres, conversatorios y cl\u00ednicas de capacitaci\u00f3n.&nbsp;<\/p>\n\n\n\n<p>La Provincia del Neuqu\u00e9n a trav\u00e9s del Programa <strong>\u201cJuegos Neuquinos Culturales\u201d<\/strong>, adhiere a las categor\u00edas y disciplinas del reglamento de los \u201cJuegos Culturales Evita\u201d Nacionales.<\/p>\n\n\n\n<p><strong>SOBRE LOS PARTICIPANTES&nbsp;<\/strong><\/p>\n\n\n\n<p>Los \u201cJuegos Neuquinos Culturales\u201d est\u00e1n destinados a ni\u00f1os, ni\u00f1as y j\u00f3venes entre doce (12) y dieciocho (18) a\u00f1os, que residan en toda la Provincia del Neuqu\u00e9n, organizados en las siguientes categor\u00edas:&nbsp;<\/p>\n\n\n\n<p>&#8211; <strong>Sub 15:<\/strong> (12, 13, 14 y 15 a\u00f1os). Participantes que cumplan 15 a\u00f1os hasta el 31 de diciembre de 2021 inclusive. (Nacidos\/as entre los a\u00f1os 2006, 2007, 2008 y 2009).<\/p>\n\n\n\n<p>&#8211; <strong>Sub 18:<\/strong> (16, 17 y 18 a\u00f1os). Participantes que cumplan 18 a\u00f1os hasta el 31 de diciembre de 2021 inclusive. (Nacidos\/as 2003, 2004 y 2005 )&nbsp;<\/p>\n\n\n\n<p>Quienes participen deben acreditar domicilio en el municipio que representan, se comprobar\u00e1 el domicilio consignado en el DNI.<\/p>\n\n\n\n<div class=\"wp-block-image\"><figure class=\"aligncenter size-large\"><img loading=\"lazy\" decoding=\"async\" width=\"800\" height=\"800\" src=\"http:\/\/cultura.sma.gob.ar\/wp-content\/uploads\/2021\/07\/Flyer-Juegos-Neuquinos-Culturales-2021-1.jpg\" alt=\"\" class=\"wp-image-1893\" srcset=\"https:\/\/cultura.sma.gob.ar\/wp-content\/uploads\/2021\/07\/Flyer-Juegos-Neuquinos-Culturales-2021-1.jpg 800w, https:\/\/cultura.sma.gob.ar\/wp-content\/uploads\/2021\/07\/Flyer-Juegos-Neuquinos-Culturales-2021-1-300x300.jpg 300w, https:\/\/cultura.sma.gob.ar\/wp-content\/uploads\/2021\/07\/Flyer-Juegos-Neuquinos-Culturales-2021-1-150x150.jpg 150w, https:\/\/cultura.sma.gob.ar\/wp-content\/uploads\/2021\/07\/Flyer-Juegos-Neuquinos-Culturales-2021-1-768x768.jpg 768w, https:\/\/cultura.sma.gob.ar\/wp-content\/uploads\/2021\/07\/Flyer-Juegos-Neuquinos-Culturales-2021-1-90x90.jpg 90w\" sizes=\"auto, (max-width: 800px) 100vw, 800px\" \/><\/figure><\/div>\n\n\n\n<p><strong>SOBRE EL LEMA Y LA PRESENTACI\u00d3N DE OBRAS&nbsp;<\/strong><\/p>\n\n\n\n<p>Para el presente a\u00f1o 2021, el lema que atraviesa a todas las disciplinas ser\u00e1 <strong>&#8220;Creando Cultura Solidaria&#8221;<\/strong>. En este sentido, ser\u00e1n ponderadas las obras que se presenten para cada disciplina, asociadas a este lema, que se representa en la posibilidad de acercarnos y abrazarnos en el actual contexto.&nbsp;<\/p>\n\n\n\n<p>Durante esta edici\u00f3n, se pondr\u00e1 especial \u00e9nfasis en las transformaciones sociales y culturales que favorecen la igualdad de oportunidades y derechos entre los g\u00e9neros.&nbsp;<\/p>\n\n\n\n<p><strong>INSTANCIA LOCAL<\/strong>: INSCRIPCI\u00d3N<strong> DEL 19 DE JULIO AL 20 DE AGOSTO<\/strong><\/p>\n\n\n\n<p><strong>DISCIPLINAS<\/strong><\/p>\n\n\n\n<ul class=\"wp-block-list\"><li>PINTURA<\/li><li>DIBUJO<\/li><li>FOTOGRAF\u00cdA DIGITAL<\/li><li>CUENTO<\/li><li>POES\u00cdA<\/li><li>VIDEOMINUTO<\/li><li>CANTO SOLISTA<\/li><li>FREESTYLE<\/li><li>DANZA (Individual)<\/li><li>TEATRO (Unipersonal)<\/li><\/ul>\n","protected":false},"excerpt":{"rendered":"<p>Desde el lunes 19 de julio y hasta el 20 de agosto se reciben inscripciones y material a concursar. <a href=\"https:\/\/cultura.sma.gob.ar\/?p=1892\" class=\"more-link\">Continue reading <span class=\"screen-reader-text\">JUEGOS NEUQUINOS CULTURALES 2\u00b0 EDICI\u00d3N VIRTUAL 2021<\/span><\/a><\/p>\n","protected":false},"author":1,"featured_media":1893,"comment_status":"closed","ping_status":"","sticky":false,"template":"","format":"image","meta":{"footnotes":""},"categories":[3],"tags":[],"class_list":["post-1892","post","type-post","status-publish","format-image","has-post-thumbnail","hentry","category-eventos-cultura","post_format-post-format-image"],"_links":{"self":[{"href":"https:\/\/cultura.sma.gob.ar\/index.php?rest_route=\/wp\/v2\/posts\/1892","targetHints":{"allow":["GET"]}}],"collection":[{"href":"https:\/\/cultura.sma.gob.ar\/index.php?rest_route=\/wp\/v2\/posts"}],"about":[{"href":"https:\/\/cultura.sma.gob.ar\/index.php?rest_route=\/wp\/v2\/types\/post"}],"author":[{"embeddable":true,"href":"https:\/\/cultura.sma.gob.ar\/index.php?rest_route=\/wp\/v2\/users\/1"}],"replies":[{"embeddable":true,"href":"https:\/\/cultura.sma.gob.ar\/index.php?rest_route=%2Fwp%2Fv2%2Fcomments&post=1892"}],"version-history":[{"count":3,"href":"https:\/\/cultura.sma.gob.ar\/index.php?rest_route=\/wp\/v2\/posts\/1892\/revisions"}],"predecessor-version":[{"id":1897,"href":"https:\/\/cultura.sma.gob.ar\/index.php?rest_route=\/wp\/v2\/posts\/1892\/revisions\/1897"}],"wp:featuredmedia":[{"embeddable":true,"href":"https:\/\/cultura.sma.gob.ar\/index.php?rest_route=\/wp\/v2\/media\/1893"}],"wp:attachment":[{"href":"https:\/\/cultura.sma.gob.ar\/index.php?rest_route=%2Fwp%2Fv2%2Fmedia&parent=1892"}],"wp:term":[{"taxonomy":"category","embeddable":true,"href":"https:\/\/cultura.sma.gob.ar\/index.php?rest_route=%2Fwp%2Fv2%2Fcategories&post=1892"},{"taxonomy":"post_tag","embeddable":true,"href":"https:\/\/cultura.sma.gob.ar\/index.php?rest_route=%2Fwp%2Fv2%2Ftags&post=1892"}],"curies":[{"name":"wp","href":"https:\/\/api.w.org\/{rel}","templated":true}]}}