{"id":1887,"date":"2021-07-15T09:33:58","date_gmt":"2021-07-15T12:33:58","guid":{"rendered":"http:\/\/cultura.sma.gob.ar\/?p=1887"},"modified":"2021-07-15T09:33:58","modified_gmt":"2021-07-15T12:33:58","slug":"creadores-1-camila-calderoni","status":"publish","type":"post","link":"https:\/\/cultura.sma.gob.ar\/?p=1887","title":{"rendered":"Creadores 1: Camila Calderoni"},"content":{"rendered":"\n<p>Partiendo de interrogantes como la inspiraci\u00f3n, t\u00e9cnicas, recorridos de formaci\u00f3n, momentos y lugares, cada cap\u00edtulo es un unitario, \u00edntimo y profundo, centrado en una persona diferente. <strong>Hoy a las 18hs<\/strong> se estrena el primer episodio, dedicado a la fot\u00f3grafa Camila Calderoni, en <a href=\"https:\/\/m.youtube.com\/channel\/UC5c5rw3lWhvPy292hF930eg\" data-type=\"URL\" data-id=\"https:\/\/m.youtube.com\/channel\/UC5c5rw3lWhvPy292hF930eg\">YouTube<\/a>.<\/p>\n\n\n\n<h3 class=\"wp-block-heading\">Sobre la artista:<\/h3>\n\n\n\n<p>Desde temprana edad experiment\u00f3 con la fotograf\u00eda de manera autodidacta. Luego realiz\u00f3 diversos talleres de fotograf\u00eda tanto digital como anal\u00f3gica e investig\u00f3 en procesos alternativos.<br>Posteriormente estudi\u00f3 en la Escuela de Fotograf\u00eda Andy Goldstein, donde se recibi\u00f3 como fot\u00f3grafa profesional (2015).<\/p>\n\n\n\n<p>Ha expuesto y proyectado su trabajo en diversos espacios autogestivos, as\u00ed como tambi\u00e9n en la escuela de Andy Goldstein y en Casa Brandon.&nbsp;Colabor\u00f3 con medios de comunicaci\u00f3n alternativos y forma parte de la Colectiva de Fot\u00f3grafas del Sur.<\/p>\n\n\n\n<p>A partir de 2013 trabaja como fot\u00f3grafa freelance, concentr\u00e1ndose en la fotograf\u00eda documental y de retrato, y desde 2015 da clases y coordina diversos talleres en torno a la construcci\u00f3n de la mirada, tanto en su lugar de residencia (SMA) como en CABA.<\/p>\n\n\n\n<p>Fuente: Sala Lidaura Chapitel.<\/p>\n","protected":false},"excerpt":{"rendered":"<p>Estrena primer episodio jueves 15 a las 18hs en YouTube. <a href=\"https:\/\/cultura.sma.gob.ar\/?p=1887\" class=\"more-link\">Continue reading <span class=\"screen-reader-text\">Creadores 1: Camila Calderoni<\/span><\/a><\/p>\n","protected":false},"author":1,"featured_media":1851,"comment_status":"closed","ping_status":"","sticky":false,"template":"","format":"image","meta":{"footnotes":""},"categories":[6],"tags":[14],"class_list":["post-1887","post","type-post","status-publish","format-image","has-post-thumbnail","hentry","category-sala-lidaura-chapitel","tag-artistas-visuales","post_format-post-format-image"],"_links":{"self":[{"href":"https:\/\/cultura.sma.gob.ar\/index.php?rest_route=\/wp\/v2\/posts\/1887","targetHints":{"allow":["GET"]}}],"collection":[{"href":"https:\/\/cultura.sma.gob.ar\/index.php?rest_route=\/wp\/v2\/posts"}],"about":[{"href":"https:\/\/cultura.sma.gob.ar\/index.php?rest_route=\/wp\/v2\/types\/post"}],"author":[{"embeddable":true,"href":"https:\/\/cultura.sma.gob.ar\/index.php?rest_route=\/wp\/v2\/users\/1"}],"replies":[{"embeddable":true,"href":"https:\/\/cultura.sma.gob.ar\/index.php?rest_route=%2Fwp%2Fv2%2Fcomments&post=1887"}],"version-history":[{"count":1,"href":"https:\/\/cultura.sma.gob.ar\/index.php?rest_route=\/wp\/v2\/posts\/1887\/revisions"}],"predecessor-version":[{"id":1888,"href":"https:\/\/cultura.sma.gob.ar\/index.php?rest_route=\/wp\/v2\/posts\/1887\/revisions\/1888"}],"wp:featuredmedia":[{"embeddable":true,"href":"https:\/\/cultura.sma.gob.ar\/index.php?rest_route=\/wp\/v2\/media\/1851"}],"wp:attachment":[{"href":"https:\/\/cultura.sma.gob.ar\/index.php?rest_route=%2Fwp%2Fv2%2Fmedia&parent=1887"}],"wp:term":[{"taxonomy":"category","embeddable":true,"href":"https:\/\/cultura.sma.gob.ar\/index.php?rest_route=%2Fwp%2Fv2%2Fcategories&post=1887"},{"taxonomy":"post_tag","embeddable":true,"href":"https:\/\/cultura.sma.gob.ar\/index.php?rest_route=%2Fwp%2Fv2%2Ftags&post=1887"}],"curies":[{"name":"wp","href":"https:\/\/api.w.org\/{rel}","templated":true}]}}