{"id":1882,"date":"2021-07-14T12:15:23","date_gmt":"2021-07-14T15:15:23","guid":{"rendered":"http:\/\/cultura.sma.gob.ar\/?p=1882"},"modified":"2021-07-14T12:15:23","modified_gmt":"2021-07-14T15:15:23","slug":"topito-el-show-en-el-centro-cultural-cotesma","status":"publish","type":"post","link":"https:\/\/cultura.sma.gob.ar\/?p=1882","title":{"rendered":"&#8220;Topito, el show&#8221; en el Centro Cultural Cotesma"},"content":{"rendered":"\n<figure class=\"wp-block-image size-large\"><img loading=\"lazy\" decoding=\"async\" width=\"1024\" height=\"1024\" src=\"http:\/\/cultura.sma.gob.ar\/wp-content\/uploads\/2021\/07\/Topito-El-Show-1024x1024.jpg\" alt=\"\" class=\"wp-image-1883\" srcset=\"https:\/\/cultura.sma.gob.ar\/wp-content\/uploads\/2021\/07\/Topito-El-Show-1024x1024.jpg 1024w, https:\/\/cultura.sma.gob.ar\/wp-content\/uploads\/2021\/07\/Topito-El-Show-300x300.jpg 300w, https:\/\/cultura.sma.gob.ar\/wp-content\/uploads\/2021\/07\/Topito-El-Show-150x150.jpg 150w, https:\/\/cultura.sma.gob.ar\/wp-content\/uploads\/2021\/07\/Topito-El-Show-768x768.jpg 768w, https:\/\/cultura.sma.gob.ar\/wp-content\/uploads\/2021\/07\/Topito-El-Show-90x90.jpg 90w, https:\/\/cultura.sma.gob.ar\/wp-content\/uploads\/2021\/07\/Topito-El-Show.jpg 1125w\" sizes=\"auto, (max-width: 1024px) 100vw, 1024px\" \/><\/figure>\n\n\n\n<p>El pr\u00f3ximo viernes, 23 de julio a las 18:00hs llega a nuestra querida Sala Amankay &#8220;TOPITO&#8221; el Show.<\/p>\n\n\n\n<p>Ven\u00ed a conocer la vida rutilante de Topo Chicho como nunca nadie se atrevi\u00f3 a contar.<br>De la lona a la fama a la lona.<br>60 A\u00f1os mordiendo la banquina con dos dientes.<\/p>\n\n\n\n<p>Un espect\u00e1culo de Circo Teatro para toda la familia.<br>Acrobacias, malabares, equilibrio, t\u00edteres y mucho humor.<\/p>\n\n\n\n<p>Artista Invitado: Agustin Iglesias &#8220;Domador de Topos&#8221;.<\/p>\n\n\n\n<p>Entrada general $400.- En venta en la boleteria del Centro Cultural Cotesma.<\/p>\n\n\n\n<p>Seguilo en Redes:<br>FB: @Topo Chicho<br>IG: topochicho_show<\/p>\n","protected":false},"excerpt":{"rendered":"<p>Viernes 23 de julio a las 18hs. <a href=\"https:\/\/cultura.sma.gob.ar\/?p=1882\" class=\"more-link\">Continue reading <span class=\"screen-reader-text\">&#8220;Topito, el show&#8221; en el Centro Cultural Cotesma<\/span><\/a><\/p>\n","protected":false},"author":1,"featured_media":297,"comment_status":"closed","ping_status":"","sticky":false,"template":"","format":"image","meta":{"footnotes":""},"categories":[2],"tags":[],"class_list":["post-1882","post","type-post","status-publish","format-image","has-post-thumbnail","hentry","category-ciudad-cultural","post_format-post-format-image"],"_links":{"self":[{"href":"https:\/\/cultura.sma.gob.ar\/index.php?rest_route=\/wp\/v2\/posts\/1882","targetHints":{"allow":["GET"]}}],"collection":[{"href":"https:\/\/cultura.sma.gob.ar\/index.php?rest_route=\/wp\/v2\/posts"}],"about":[{"href":"https:\/\/cultura.sma.gob.ar\/index.php?rest_route=\/wp\/v2\/types\/post"}],"author":[{"embeddable":true,"href":"https:\/\/cultura.sma.gob.ar\/index.php?rest_route=\/wp\/v2\/users\/1"}],"replies":[{"embeddable":true,"href":"https:\/\/cultura.sma.gob.ar\/index.php?rest_route=%2Fwp%2Fv2%2Fcomments&post=1882"}],"version-history":[{"count":1,"href":"https:\/\/cultura.sma.gob.ar\/index.php?rest_route=\/wp\/v2\/posts\/1882\/revisions"}],"predecessor-version":[{"id":1884,"href":"https:\/\/cultura.sma.gob.ar\/index.php?rest_route=\/wp\/v2\/posts\/1882\/revisions\/1884"}],"wp:featuredmedia":[{"embeddable":true,"href":"https:\/\/cultura.sma.gob.ar\/index.php?rest_route=\/wp\/v2\/media\/297"}],"wp:attachment":[{"href":"https:\/\/cultura.sma.gob.ar\/index.php?rest_route=%2Fwp%2Fv2%2Fmedia&parent=1882"}],"wp:term":[{"taxonomy":"category","embeddable":true,"href":"https:\/\/cultura.sma.gob.ar\/index.php?rest_route=%2Fwp%2Fv2%2Fcategories&post=1882"},{"taxonomy":"post_tag","embeddable":true,"href":"https:\/\/cultura.sma.gob.ar\/index.php?rest_route=%2Fwp%2Fv2%2Ftags&post=1882"}],"curies":[{"name":"wp","href":"https:\/\/api.w.org\/{rel}","templated":true}]}}