{"id":1879,"date":"2021-07-14T12:13:31","date_gmt":"2021-07-14T15:13:31","guid":{"rendered":"http:\/\/cultura.sma.gob.ar\/?p=1879"},"modified":"2021-07-14T12:13:31","modified_gmt":"2021-07-14T15:13:31","slug":"nimbus-en-vivo-en-la-sala-amankay","status":"publish","type":"post","link":"https:\/\/cultura.sma.gob.ar\/?p=1879","title":{"rendered":"Nimbus en vivo en la Sala Amankay"},"content":{"rendered":"\n<figure class=\"wp-block-image size-large\"><img loading=\"lazy\" decoding=\"async\" width=\"1024\" height=\"766\" src=\"http:\/\/cultura.sma.gob.ar\/wp-content\/uploads\/2021\/07\/170048306_130951725660461_616437710155971499_n-1024x766.jpg\" alt=\"\" class=\"wp-image-1880\" srcset=\"https:\/\/cultura.sma.gob.ar\/wp-content\/uploads\/2021\/07\/170048306_130951725660461_616437710155971499_n-1024x766.jpg 1024w, https:\/\/cultura.sma.gob.ar\/wp-content\/uploads\/2021\/07\/170048306_130951725660461_616437710155971499_n-300x224.jpg 300w, https:\/\/cultura.sma.gob.ar\/wp-content\/uploads\/2021\/07\/170048306_130951725660461_616437710155971499_n-768x575.jpg 768w, https:\/\/cultura.sma.gob.ar\/wp-content\/uploads\/2021\/07\/170048306_130951725660461_616437710155971499_n-120x90.jpg 120w, https:\/\/cultura.sma.gob.ar\/wp-content\/uploads\/2021\/07\/170048306_130951725660461_616437710155971499_n.jpg 1160w\" sizes=\"auto, (max-width: 1024px) 100vw, 1024px\" \/><\/figure>\n\n\n\n<p>El pr\u00f3ximo s\u00e1bado, 07 de agosto a las 20hs, en nuestra querida Sala Amankay, la banda formada en San Mart\u00edn de los Andes, Nimbus, presenta de manera oficial, su Primer Album titulado &#8220;N\u00c9BULA&#8221;.<br>La banda, integrada por&nbsp;Wal Cabrera en Guitarra y Voz, Israel Contreras en Sintetizador y Voz, Pato Lagazzi en Percusi\u00f3n y Coros, y&nbsp;Maura Cordob\u00e9s en Bajo,&nbsp;se define como space rock o rock espacial, un estilo forjado por sonidos s\u00f3lidos de bater\u00eda y guitarra y armonizado por las frecuencias oscilantes del sintetizador.<br>Como nubes en el cielo, se avecinan nuevas presentaciones en vivo.<br>El s\u00e1bado 07 de agosto a las 20:00hs estar\u00e1n presentando de manera oficial su primerl \u00e1lbum, titulado &#8220;N\u00c9BULA&#8221; en nuestra sala.<\/p>\n\n\n\n<p>Entradas anticipadas $250.- El mismo d\u00eda $300.-<br>En venta en la boleteria del Centro Cultural Cotesma.<\/p>\n\n\n\n<p>Seguilos en Redes:<br>IG: @nimbus.banda<br>FB: @nimbus.sma<br><a href=\"https:\/\/correo.smandes.gov.ar\/owa\/redir.aspx?C=15bfcc8a0b334f3ca74d884738694287&amp;URL=mailto%3animbus.banda%40gmail.com\">nimbus.banda@gmail.com<\/a><\/p>\n","protected":false},"excerpt":{"rendered":"<p>S\u00e1bado 7 de agosto a las 20hs <a href=\"https:\/\/cultura.sma.gob.ar\/?p=1879\" class=\"more-link\">Continue reading <span class=\"screen-reader-text\">Nimbus en vivo en la Sala Amankay<\/span><\/a><\/p>\n","protected":false},"author":1,"featured_media":297,"comment_status":"closed","ping_status":"","sticky":false,"template":"","format":"image","meta":{"footnotes":""},"categories":[2],"tags":[],"class_list":["post-1879","post","type-post","status-publish","format-image","has-post-thumbnail","hentry","category-ciudad-cultural","post_format-post-format-image"],"_links":{"self":[{"href":"https:\/\/cultura.sma.gob.ar\/index.php?rest_route=\/wp\/v2\/posts\/1879","targetHints":{"allow":["GET"]}}],"collection":[{"href":"https:\/\/cultura.sma.gob.ar\/index.php?rest_route=\/wp\/v2\/posts"}],"about":[{"href":"https:\/\/cultura.sma.gob.ar\/index.php?rest_route=\/wp\/v2\/types\/post"}],"author":[{"embeddable":true,"href":"https:\/\/cultura.sma.gob.ar\/index.php?rest_route=\/wp\/v2\/users\/1"}],"replies":[{"embeddable":true,"href":"https:\/\/cultura.sma.gob.ar\/index.php?rest_route=%2Fwp%2Fv2%2Fcomments&post=1879"}],"version-history":[{"count":1,"href":"https:\/\/cultura.sma.gob.ar\/index.php?rest_route=\/wp\/v2\/posts\/1879\/revisions"}],"predecessor-version":[{"id":1881,"href":"https:\/\/cultura.sma.gob.ar\/index.php?rest_route=\/wp\/v2\/posts\/1879\/revisions\/1881"}],"wp:featuredmedia":[{"embeddable":true,"href":"https:\/\/cultura.sma.gob.ar\/index.php?rest_route=\/wp\/v2\/media\/297"}],"wp:attachment":[{"href":"https:\/\/cultura.sma.gob.ar\/index.php?rest_route=%2Fwp%2Fv2%2Fmedia&parent=1879"}],"wp:term":[{"taxonomy":"category","embeddable":true,"href":"https:\/\/cultura.sma.gob.ar\/index.php?rest_route=%2Fwp%2Fv2%2Fcategories&post=1879"},{"taxonomy":"post_tag","embeddable":true,"href":"https:\/\/cultura.sma.gob.ar\/index.php?rest_route=%2Fwp%2Fv2%2Ftags&post=1879"}],"curies":[{"name":"wp","href":"https:\/\/api.w.org\/{rel}","templated":true}]}}