{"id":1869,"date":"2021-07-13T10:08:05","date_gmt":"2021-07-13T13:08:05","guid":{"rendered":"http:\/\/cultura.sma.gob.ar\/?p=1869"},"modified":"2021-07-13T10:08:05","modified_gmt":"2021-07-13T13:08:05","slug":"convocatoria-de-jurados-para-el-7mo-festival-de-cine-a-la-vista","status":"publish","type":"post","link":"https:\/\/cultura.sma.gob.ar\/?p=1869","title":{"rendered":"Convocatoria de jurados para el 7mo Festival de Cine a la Vista!"},"content":{"rendered":"\n<p>Estamos muy felices de anunciar que abrimos la inscripci\u00f3n para que puedas ser jurade del 7mo Festival Internacional de Cine para Adolescentes Cine a la Vista! Si ten\u00e9s entre 13 y 18 a\u00f1os, viv\u00eds en&nbsp;San Mart\u00edn o Jun\u00edn de los Andes y te gusta el cine, no te pierdas de participar de este encuentro protagonizado exclusivamente por adolescentes. La inscripci\u00f3n est\u00e1 abierta hasta el 10 de agosto a trav\u00e9s de un formulario que podr\u00e1s encontrar en la web&nbsp;<a href=\"http:\/\/www.cinealavista.com\/\" target=\"_blank\" rel=\"noreferrer noopener\">www.cinealavista.com<\/a>&nbsp;y en facebook e instagram como&nbsp;<a href=\"https:\/\/www.facebook.com\/festivalcinealavista\" target=\"_blank\" rel=\"noreferrer noopener\">festivalcinealavista<\/a>. No es necesario que tengas conocimientos previos sobre cine, pero s\u00ed que tenas muchas ganas de imaginar, so\u00f1ar, reflexionar y disfrutar de la gran pantalla.&nbsp;<\/p>\n\n\n\n<p>Creemos que en este contexto sanitario que ha tra\u00eddo tantas consecuencias a nuestra salud y a nuestras emociones, es una hermosa esperanza poder realizar este Cine a la Vista! que, sin dudas ser\u00e1 especial. Teniendo en cuenta esta situaci\u00f3n, el festival se realizar\u00e1 este a\u00f1o con jurades \u00fanicamente de Jun\u00edn y San Mart\u00edn de los Andes.<\/p>\n\n\n\n<p>A partir de los nuevos protocolos y la progresiva campa\u00f1a de vacunaci\u00f3n a nivel nacional esperamos poder encontrarnos del 9 al 15 de septiembre en las salas de Cotesma para poder disfrutar del mejor cine&nbsp;con todos los cuidados y protocolos indicados.&nbsp;<\/p>\n\n\n\n<p>Para m\u00e1s informaci\u00f3n comunicate a nuestro mail\u00a0juradossma<a rel=\"noreferrer noopener\" href=\"mailto:info@cinealavista.com\" target=\"_blank\">@cinealavista.com<\/a>, al facebook o instagram f<a rel=\"noreferrer noopener\" href=\"https:\/\/www.facebook.com\/festivalcinealavista\" target=\"_blank\">estivalcinealavista<\/a>\u00a0o a nuestra web\u00a0<a rel=\"noreferrer noopener\" href=\"http:\/\/www.cinealavista.com\/\" target=\"_blank\">www.cinealavista.com<\/a><\/p>\n","protected":false},"excerpt":{"rendered":"<p>Hasta el 10 de agosto con inscripci\u00f3n v\u00eda formulario electr\u00f3nico. <a href=\"https:\/\/cultura.sma.gob.ar\/?p=1869\" class=\"more-link\">Continue reading <span class=\"screen-reader-text\">Convocatoria de jurados para el 7mo Festival de Cine a la Vista!<\/span><\/a><\/p>\n","protected":false},"author":1,"featured_media":297,"comment_status":"closed","ping_status":"","sticky":false,"template":"","format":"image","meta":{"footnotes":""},"categories":[2],"tags":[],"class_list":["post-1869","post","type-post","status-publish","format-image","has-post-thumbnail","hentry","category-ciudad-cultural","post_format-post-format-image"],"_links":{"self":[{"href":"https:\/\/cultura.sma.gob.ar\/index.php?rest_route=\/wp\/v2\/posts\/1869","targetHints":{"allow":["GET"]}}],"collection":[{"href":"https:\/\/cultura.sma.gob.ar\/index.php?rest_route=\/wp\/v2\/posts"}],"about":[{"href":"https:\/\/cultura.sma.gob.ar\/index.php?rest_route=\/wp\/v2\/types\/post"}],"author":[{"embeddable":true,"href":"https:\/\/cultura.sma.gob.ar\/index.php?rest_route=\/wp\/v2\/users\/1"}],"replies":[{"embeddable":true,"href":"https:\/\/cultura.sma.gob.ar\/index.php?rest_route=%2Fwp%2Fv2%2Fcomments&post=1869"}],"version-history":[{"count":1,"href":"https:\/\/cultura.sma.gob.ar\/index.php?rest_route=\/wp\/v2\/posts\/1869\/revisions"}],"predecessor-version":[{"id":1871,"href":"https:\/\/cultura.sma.gob.ar\/index.php?rest_route=\/wp\/v2\/posts\/1869\/revisions\/1871"}],"wp:featuredmedia":[{"embeddable":true,"href":"https:\/\/cultura.sma.gob.ar\/index.php?rest_route=\/wp\/v2\/media\/297"}],"wp:attachment":[{"href":"https:\/\/cultura.sma.gob.ar\/index.php?rest_route=%2Fwp%2Fv2%2Fmedia&parent=1869"}],"wp:term":[{"taxonomy":"category","embeddable":true,"href":"https:\/\/cultura.sma.gob.ar\/index.php?rest_route=%2Fwp%2Fv2%2Fcategories&post=1869"},{"taxonomy":"post_tag","embeddable":true,"href":"https:\/\/cultura.sma.gob.ar\/index.php?rest_route=%2Fwp%2Fv2%2Ftags&post=1869"}],"curies":[{"name":"wp","href":"https:\/\/api.w.org\/{rel}","templated":true}]}}