{"id":1861,"date":"2021-07-12T10:41:03","date_gmt":"2021-07-12T13:41:03","guid":{"rendered":"http:\/\/cultura.sma.gob.ar\/?p=1861"},"modified":"2021-07-12T10:41:03","modified_gmt":"2021-07-12T13:41:03","slug":"banda-de-moebius-en-vivo-en-la-sala-amankay","status":"publish","type":"post","link":"https:\/\/cultura.sma.gob.ar\/?p=1861","title":{"rendered":"Banda de Moebius en vivo en la Sala Amankay"},"content":{"rendered":"\n<div class=\"wp-block-image\"><figure class=\"aligncenter size-large\"><img loading=\"lazy\" decoding=\"async\" width=\"1017\" height=\"1024\" src=\"http:\/\/cultura.sma.gob.ar\/wp-content\/uploads\/2021\/07\/Flyer-Banda-de-Moebius-17-07-1017x1024.jpg\" alt=\"\" class=\"wp-image-1862\" srcset=\"https:\/\/cultura.sma.gob.ar\/wp-content\/uploads\/2021\/07\/Flyer-Banda-de-Moebius-17-07-1017x1024.jpg 1017w, https:\/\/cultura.sma.gob.ar\/wp-content\/uploads\/2021\/07\/Flyer-Banda-de-Moebius-17-07-298x300.jpg 298w, https:\/\/cultura.sma.gob.ar\/wp-content\/uploads\/2021\/07\/Flyer-Banda-de-Moebius-17-07-150x150.jpg 150w, https:\/\/cultura.sma.gob.ar\/wp-content\/uploads\/2021\/07\/Flyer-Banda-de-Moebius-17-07-768x773.jpg 768w, https:\/\/cultura.sma.gob.ar\/wp-content\/uploads\/2021\/07\/Flyer-Banda-de-Moebius-17-07-89x90.jpg 89w, https:\/\/cultura.sma.gob.ar\/wp-content\/uploads\/2021\/07\/Flyer-Banda-de-Moebius-17-07.jpg 1271w\" sizes=\"auto, (max-width: 1017px) 100vw, 1017px\" \/><\/figure><\/div>\n\n\n\n<p>El pr\u00f3ximo s\u00e1bado, 17 de julio a las 20hs en la Sala Amankay de nuestro querido Centro Cultural, seguimos disfrutando lo mejor de la m\u00fasica. En el marco del Ciclo Mu.Sa. desembarca en nuestra sala para compartir con su p\u00fablico, &#8220;Banda dE M\u00f6ebiuS&#8221;&#8230;<\/p>\n\n\n\n<p>Banda dE M\u00f6ebiuS nace a mediados de 2013 en San Mart\u00edn de los Andes, Neuqu\u00e9n, Patagonia Argentina.<br>Integrada por m\u00fasicos locales, la agrupaci\u00f3n interpreta obras originales instrumentales.<br>Sin encasillarse en ning\u00fan g\u00e9nero, BdM busca su sonido y su estilo deambulando por m\u00e9tricas inusuales y formas musicales que narran a la imaginaci\u00f3n suscitando im\u00e1genes. BdM est\u00e1 compuesta por colegas del buen vivir, simples hom\u00ednidos que al lograr establecerse en una comunidad, desempe\u00f1\u00e1ndose activamente en tareas que han elegido y disfrutan, emplean parte de su tiempo libre en sumergirse en el exitante viaje que desde hace milenios conocemos como &#8220;el conjunto musical&#8221;. Un variopinto colagge de individuos que patean todos para el mismo lado, pero sin rival. Una suerte de elenco de circo, de un circo de sonidos de colores, malabarismo con corcheas y tambores, y entre todo el caos, el control. Mientras la rueda gire lo mejor est\u00e1 por venir.<br><br>Banda dE M\u00f6ebiuS es:<br>Tom\u00e1s Stancatti y Emmanuel Hermosilla en teclados.<br>Jonatan Candel en bajo.<br>Erni L\u00f3pez Osornio en bater\u00eda.<br>Juan Kovadloff en guitarra.<br>Marcelo De Bonis en trompeta.<br>Mat\u00edas Foia en flauta traversa.<br>Franco Mattighello en Saxo.<br>Nicolas Sala en percusi\u00f3n.<br><br>Siendo el repertorio compuesto por T.S., las piezas son presentadas a los operarios en el laboratoreo de ensayos donde estas se ensamblan cuidadosa aunque relajadamente. Se ensaya por la ma\u00f1ana, entre mates, galletas y una tertulia en modo aleatorio, se respira un aire de alegr\u00eda y distensi\u00f3n.<\/p>\n\n\n\n<p>Entrada General $300.- En venta en la boleteria del Centro Cultural.- Cupos Limitados.<\/p>\n\n\n\n<p>Seguilos en Redes:<br>FB: \/bandademoebiusmusica<br>IG: @banda.de.moebiu<\/p>\n","protected":false},"excerpt":{"rendered":"<p>S\u00e1bado 17 a las 20hs en el Centro Cultural Cotesma. <a href=\"https:\/\/cultura.sma.gob.ar\/?p=1861\" class=\"more-link\">Continue reading <span class=\"screen-reader-text\">Banda de Moebius en vivo en la Sala Amankay<\/span><\/a><\/p>\n","protected":false},"author":1,"featured_media":297,"comment_status":"closed","ping_status":"","sticky":false,"template":"","format":"image","meta":{"footnotes":""},"categories":[2],"tags":[],"class_list":["post-1861","post","type-post","status-publish","format-image","has-post-thumbnail","hentry","category-ciudad-cultural","post_format-post-format-image"],"_links":{"self":[{"href":"https:\/\/cultura.sma.gob.ar\/index.php?rest_route=\/wp\/v2\/posts\/1861","targetHints":{"allow":["GET"]}}],"collection":[{"href":"https:\/\/cultura.sma.gob.ar\/index.php?rest_route=\/wp\/v2\/posts"}],"about":[{"href":"https:\/\/cultura.sma.gob.ar\/index.php?rest_route=\/wp\/v2\/types\/post"}],"author":[{"embeddable":true,"href":"https:\/\/cultura.sma.gob.ar\/index.php?rest_route=\/wp\/v2\/users\/1"}],"replies":[{"embeddable":true,"href":"https:\/\/cultura.sma.gob.ar\/index.php?rest_route=%2Fwp%2Fv2%2Fcomments&post=1861"}],"version-history":[{"count":1,"href":"https:\/\/cultura.sma.gob.ar\/index.php?rest_route=\/wp\/v2\/posts\/1861\/revisions"}],"predecessor-version":[{"id":1863,"href":"https:\/\/cultura.sma.gob.ar\/index.php?rest_route=\/wp\/v2\/posts\/1861\/revisions\/1863"}],"wp:featuredmedia":[{"embeddable":true,"href":"https:\/\/cultura.sma.gob.ar\/index.php?rest_route=\/wp\/v2\/media\/297"}],"wp:attachment":[{"href":"https:\/\/cultura.sma.gob.ar\/index.php?rest_route=%2Fwp%2Fv2%2Fmedia&parent=1861"}],"wp:term":[{"taxonomy":"category","embeddable":true,"href":"https:\/\/cultura.sma.gob.ar\/index.php?rest_route=%2Fwp%2Fv2%2Fcategories&post=1861"},{"taxonomy":"post_tag","embeddable":true,"href":"https:\/\/cultura.sma.gob.ar\/index.php?rest_route=%2Fwp%2Fv2%2Ftags&post=1861"}],"curies":[{"name":"wp","href":"https:\/\/api.w.org\/{rel}","templated":true}]}}