{"id":186,"date":"2020-08-26T14:55:51","date_gmt":"2020-08-26T14:55:51","guid":{"rendered":"https:\/\/culturasma.wordpress.com\/?p=186"},"modified":"2020-09-24T19:01:14","modified_gmt":"2020-09-24T22:01:14","slug":"se-habilitan-actividades-artisticas-en-la-via-publica-bares-y-restaurantes","status":"publish","type":"post","link":"https:\/\/cultura.sma.gob.ar\/?p=186","title":{"rendered":"Se habilitan actividades art\u00edsticas en la v\u00eda p\u00fablica, bares y restaurantes"},"content":{"rendered":"\n<p><\/p>\n\n\n\n<figure class=\"wp-block-image size-large\"><img decoding=\"async\" src=\"https:\/\/culturasma.files.wordpress.com\/2020\/08\/circo.jpg?w=853\" alt=\"\" class=\"wp-image-193\"\/><\/figure>\n\n\n\n<p>La Secretar\u00eda de Cultura informa que a partir del 22 de agosto se encuentran habilitadas las actividades art\u00edsticas en la v\u00eda p\u00fablica, bares y restaurantes, aplicando los protocolos sanitarios establecidos en la Resoluci\u00f3n-2020-58-E-NEU-MJG<\/p>\n\n\n\n<p class=\"has-text-align-left\">Para los espect\u00e1culos y actividades a realizarse en la v\u00eda p\u00fablica, conforme a la Ordenanza N\u00b0 10709 \/ a\u00f1o 2015, los artistas podr\u00e1n inscribirse en el Teatro San Jos\u00e9, de lunes a viernes de 10 a 13 hs.<\/p>\n\n\n\n<p class=\"has-text-align-left\">Los locales gastron\u00f3micos que funcionen como promotores culturales, de acuerdo a la Ordenanza N\u00b0 9491 \/ a\u00f1o 2012, podr\u00e1n inscribirse en la Secretar\u00eda de Cultura (Drury 665) de lunes a viernes de 9 a 12.<\/p>\n\n\n\n<p class=\"has-text-align-left\">Queda a su disposici\u00f3n la Resoluci\u00f3n completa para m\u00e1s informaci\u00f3n <a href=\"https:\/\/cutt.ly\/1foav3v\">https:\/\/cutt.ly\/1foav3v<\/a><\/p>\n\n\n\n<p><\/p>\n","protected":false},"excerpt":{"rendered":"<p>A partir del 22 de agosto se encuentran habilitadas las actividades art\u00edsticas en lugares p\u00fablicos. <a href=\"https:\/\/cultura.sma.gob.ar\/?p=186\" class=\"more-link\">Continue reading <span class=\"screen-reader-text\">Se habilitan actividades art\u00edsticas en la v\u00eda p\u00fablica, bares y restaurantes<\/span><\/a><\/p>\n","protected":false},"author":3,"featured_media":292,"comment_status":"closed","ping_status":"closed","sticky":false,"template":"","format":"image","meta":{"footnotes":""},"categories":[8,9],"tags":[10,12,27],"class_list":["post-186","post","type-post","status-publish","format-image","has-post-thumbnail","hentry","category-teatro-san-jose","category-ultimas-noticias","tag-actividades-culturales","tag-artistas-callejeros","tag-novedades","post_format-post-format-image"],"_links":{"self":[{"href":"https:\/\/cultura.sma.gob.ar\/index.php?rest_route=\/wp\/v2\/posts\/186","targetHints":{"allow":["GET"]}}],"collection":[{"href":"https:\/\/cultura.sma.gob.ar\/index.php?rest_route=\/wp\/v2\/posts"}],"about":[{"href":"https:\/\/cultura.sma.gob.ar\/index.php?rest_route=\/wp\/v2\/types\/post"}],"author":[{"embeddable":true,"href":"https:\/\/cultura.sma.gob.ar\/index.php?rest_route=\/wp\/v2\/users\/3"}],"replies":[{"embeddable":true,"href":"https:\/\/cultura.sma.gob.ar\/index.php?rest_route=%2Fwp%2Fv2%2Fcomments&post=186"}],"version-history":[{"count":1,"href":"https:\/\/cultura.sma.gob.ar\/index.php?rest_route=\/wp\/v2\/posts\/186\/revisions"}],"predecessor-version":[{"id":305,"href":"https:\/\/cultura.sma.gob.ar\/index.php?rest_route=\/wp\/v2\/posts\/186\/revisions\/305"}],"wp:featuredmedia":[{"embeddable":true,"href":"https:\/\/cultura.sma.gob.ar\/index.php?rest_route=\/wp\/v2\/media\/292"}],"wp:attachment":[{"href":"https:\/\/cultura.sma.gob.ar\/index.php?rest_route=%2Fwp%2Fv2%2Fmedia&parent=186"}],"wp:term":[{"taxonomy":"category","embeddable":true,"href":"https:\/\/cultura.sma.gob.ar\/index.php?rest_route=%2Fwp%2Fv2%2Fcategories&post=186"},{"taxonomy":"post_tag","embeddable":true,"href":"https:\/\/cultura.sma.gob.ar\/index.php?rest_route=%2Fwp%2Fv2%2Ftags&post=186"}],"curies":[{"name":"wp","href":"https:\/\/api.w.org\/{rel}","templated":true}]}}