{"id":1850,"date":"2021-07-12T10:30:49","date_gmt":"2021-07-12T13:30:49","guid":{"rendered":"http:\/\/cultura.sma.gob.ar\/?p=1850"},"modified":"2021-07-12T10:30:49","modified_gmt":"2021-07-12T13:30:49","slug":"creadores-una-nueva-serie-sobre-la-intimidad-de-los-procesos-creativos","status":"publish","type":"post","link":"https:\/\/cultura.sma.gob.ar\/?p=1850","title":{"rendered":"\u201cCreadores\u201d: una nueva serie sobre la intimidad de los procesos creativos"},"content":{"rendered":"\n<p>El <strong>pr\u00f3ximo jueves 15 de julio<\/strong>, la Secretar\u00eda de Cultura estrena, v\u00eda canal de YouTube, una nueva serie que retrata los medios y formas en que diferentes artistas de nuestra ciudad transitan sus procesos creativos.<\/p>\n\n\n\n<p>Partiendo de interrogantes como la inspiraci\u00f3n, t\u00e9cnicas, recorridos de formaci\u00f3n, momentos y lugares, cada cap\u00edtulo es un unitario centrado en una persona diferente.\u00a0<\/p>\n\n\n\n<p>Participan de esta serie la fot\u00f3grafa Camila Calderoni, la artista visual Juana De Nicolay, la ilustradora Anabela Falconi y el artista pl\u00e1stico Santiago Cariac. El primer estreno ser\u00e1 el episodio dedicado a Calderoni, <strong>este jueves a las 18hs<\/strong> en <em>Cultura SMAndes<\/em>, en YouTube.<\/p>\n","protected":false},"excerpt":{"rendered":"<p>Estreno jueves 15 de julio a las 16hs por Youtube. <a href=\"https:\/\/cultura.sma.gob.ar\/?p=1850\" class=\"more-link\">Continue reading <span class=\"screen-reader-text\">\u201cCreadores\u201d: una nueva serie sobre la intimidad de los procesos creativos<\/span><\/a><\/p>\n","protected":false},"author":1,"featured_media":1851,"comment_status":"closed","ping_status":"","sticky":false,"template":"","format":"image","meta":{"footnotes":""},"categories":[6],"tags":[56],"class_list":["post-1850","post","type-post","status-publish","format-image","has-post-thumbnail","hentry","category-sala-lidaura-chapitel","tag-audiovisuales","post_format-post-format-image"],"_links":{"self":[{"href":"https:\/\/cultura.sma.gob.ar\/index.php?rest_route=\/wp\/v2\/posts\/1850","targetHints":{"allow":["GET"]}}],"collection":[{"href":"https:\/\/cultura.sma.gob.ar\/index.php?rest_route=\/wp\/v2\/posts"}],"about":[{"href":"https:\/\/cultura.sma.gob.ar\/index.php?rest_route=\/wp\/v2\/types\/post"}],"author":[{"embeddable":true,"href":"https:\/\/cultura.sma.gob.ar\/index.php?rest_route=\/wp\/v2\/users\/1"}],"replies":[{"embeddable":true,"href":"https:\/\/cultura.sma.gob.ar\/index.php?rest_route=%2Fwp%2Fv2%2Fcomments&post=1850"}],"version-history":[{"count":1,"href":"https:\/\/cultura.sma.gob.ar\/index.php?rest_route=\/wp\/v2\/posts\/1850\/revisions"}],"predecessor-version":[{"id":1852,"href":"https:\/\/cultura.sma.gob.ar\/index.php?rest_route=\/wp\/v2\/posts\/1850\/revisions\/1852"}],"wp:featuredmedia":[{"embeddable":true,"href":"https:\/\/cultura.sma.gob.ar\/index.php?rest_route=\/wp\/v2\/media\/1851"}],"wp:attachment":[{"href":"https:\/\/cultura.sma.gob.ar\/index.php?rest_route=%2Fwp%2Fv2%2Fmedia&parent=1850"}],"wp:term":[{"taxonomy":"category","embeddable":true,"href":"https:\/\/cultura.sma.gob.ar\/index.php?rest_route=%2Fwp%2Fv2%2Fcategories&post=1850"},{"taxonomy":"post_tag","embeddable":true,"href":"https:\/\/cultura.sma.gob.ar\/index.php?rest_route=%2Fwp%2Fv2%2Ftags&post=1850"}],"curies":[{"name":"wp","href":"https:\/\/api.w.org\/{rel}","templated":true}]}}