{"id":1845,"date":"2021-07-12T10:26:08","date_gmt":"2021-07-12T13:26:08","guid":{"rendered":"http:\/\/cultura.sma.gob.ar\/?p=1845"},"modified":"2021-07-12T10:26:08","modified_gmt":"2021-07-12T13:26:08","slug":"abre-una-nueva-exposicion-en-la-sala-lidaura-chapitel","status":"publish","type":"post","link":"https:\/\/cultura.sma.gob.ar\/?p=1845","title":{"rendered":"Abre una nueva exposici\u00f3n en la Sala Lidaura Chapitel"},"content":{"rendered":"\n<p>Desde este viernes <strong>16 de julio y hasta el 11 de agosto<\/strong>, tres nuevas muestras conviven en una exposici\u00f3n ecl\u00e9ctica y multiforme, reuniendo obras de tres reconocidas art\u00edstas. Se podr\u00e1 <strong>visitar de 16 a 20hs con aforo limitado y medidas de seguridad sanitaria.<\/strong><\/p>\n\n\n\n<div class=\"wp-block-image\"><figure class=\"aligncenter size-large\"><img loading=\"lazy\" decoding=\"async\" width=\"1024\" height=\"1024\" src=\"http:\/\/cultura.sma.gob.ar\/wp-content\/uploads\/2021\/07\/flyer-moreno-campos-1024x1024.jpg\" alt=\"\" class=\"wp-image-1846\" srcset=\"https:\/\/cultura.sma.gob.ar\/wp-content\/uploads\/2021\/07\/flyer-moreno-campos-1024x1024.jpg 1024w, https:\/\/cultura.sma.gob.ar\/wp-content\/uploads\/2021\/07\/flyer-moreno-campos-300x300.jpg 300w, https:\/\/cultura.sma.gob.ar\/wp-content\/uploads\/2021\/07\/flyer-moreno-campos-150x150.jpg 150w, https:\/\/cultura.sma.gob.ar\/wp-content\/uploads\/2021\/07\/flyer-moreno-campos-768x768.jpg 768w, https:\/\/cultura.sma.gob.ar\/wp-content\/uploads\/2021\/07\/flyer-moreno-campos-1536x1536.jpg 1536w, https:\/\/cultura.sma.gob.ar\/wp-content\/uploads\/2021\/07\/flyer-moreno-campos-90x90.jpg 90w, https:\/\/cultura.sma.gob.ar\/wp-content\/uploads\/2021\/07\/flyer-moreno-campos.jpg 1875w\" sizes=\"auto, (max-width: 1024px) 100vw, 1024px\" \/><\/figure><\/div>\n\n\n\n<p><strong>La Huida &#8211; Chaby Linares &#8211; San Mart\u00edn de los Andes (fotograf\u00eda, instalaci\u00f3n)<\/strong><\/p>\n\n\n\n<p>Existe conexi\u00f3n entre una habitaci\u00f3n de hotel y el v\u00ednculo que une o separa a dos personas. Algo tan \u00edntimo y cercano, puede volverse a la vez fugaz y distante. Apenas un recuerdo.<\/p>\n\n\n\n<p><strong>An\u00edmico -Tuty Moreno Campos-C.A.B.A. (videoperformances)<\/strong><\/p>\n\n\n\n<p>En sus obras la artista reflexiona desde el cuerpo. A lo largo de la historia el lugar de \u00e9ste ha ido cambiando, desde ser considerado templo hasta, a trav\u00e9s de un largo recorrido, volverse parte de la hibridaci\u00f3n tecnol\u00f3gica actual. Como resultado de esos cambios en la forma de concebirlo, ha cambiado tambi\u00e9n lo que se le puede exigir.<\/p>\n\n\n\n<div class=\"wp-block-image\"><figure class=\"aligncenter size-large\"><img loading=\"lazy\" decoding=\"async\" width=\"1024\" height=\"1024\" src=\"http:\/\/cultura.sma.gob.ar\/wp-content\/uploads\/2021\/07\/flyer-linares-1024x1024.jpg\" alt=\"\" class=\"wp-image-1847\" srcset=\"https:\/\/cultura.sma.gob.ar\/wp-content\/uploads\/2021\/07\/flyer-linares-1024x1024.jpg 1024w, https:\/\/cultura.sma.gob.ar\/wp-content\/uploads\/2021\/07\/flyer-linares-300x300.jpg 300w, https:\/\/cultura.sma.gob.ar\/wp-content\/uploads\/2021\/07\/flyer-linares-150x150.jpg 150w, https:\/\/cultura.sma.gob.ar\/wp-content\/uploads\/2021\/07\/flyer-linares-768x768.jpg 768w, https:\/\/cultura.sma.gob.ar\/wp-content\/uploads\/2021\/07\/flyer-linares-1536x1536.jpg 1536w, https:\/\/cultura.sma.gob.ar\/wp-content\/uploads\/2021\/07\/flyer-linares-90x90.jpg 90w, https:\/\/cultura.sma.gob.ar\/wp-content\/uploads\/2021\/07\/flyer-linares.jpg 1875w\" sizes=\"auto, (max-width: 1024px) 100vw, 1024px\" \/><\/figure><\/div>\n\n\n\n<p><strong>Los monos brillan cuando juegan con fuego-Nicol\u00e1s Radano-Buenos Aires (medios mixtos)<\/strong><\/p>\n\n\n\n<p>El desarrollo interno de la capa que separa al mundo exterior del mundo interior del individuo es la piel que contiene los pensamientos.<\/p>\n\n\n\n<p>El registro de una vida que pasa por el mundo, es el registro del alma que pasa por un cuerpo.<\/p>\n","protected":false},"excerpt":{"rendered":"<p>Desde el viernes 16 de julio y hasta el 11 de agosto. Visitas de 16 a 20hs con protocolo sanitario. <a href=\"https:\/\/cultura.sma.gob.ar\/?p=1845\" class=\"more-link\">Continue reading <span class=\"screen-reader-text\">Abre una nueva exposici\u00f3n en la Sala Lidaura Chapitel<\/span><\/a><\/p>\n","protected":false},"author":1,"featured_media":1848,"comment_status":"closed","ping_status":"","sticky":false,"template":"","format":"image","meta":{"footnotes":""},"categories":[6],"tags":[34,55],"class_list":["post-1845","post","type-post","status-publish","format-image","has-post-thumbnail","hentry","category-sala-lidaura-chapitel","tag-arte","tag-exposiciones","post_format-post-format-image"],"_links":{"self":[{"href":"https:\/\/cultura.sma.gob.ar\/index.php?rest_route=\/wp\/v2\/posts\/1845","targetHints":{"allow":["GET"]}}],"collection":[{"href":"https:\/\/cultura.sma.gob.ar\/index.php?rest_route=\/wp\/v2\/posts"}],"about":[{"href":"https:\/\/cultura.sma.gob.ar\/index.php?rest_route=\/wp\/v2\/types\/post"}],"author":[{"embeddable":true,"href":"https:\/\/cultura.sma.gob.ar\/index.php?rest_route=\/wp\/v2\/users\/1"}],"replies":[{"embeddable":true,"href":"https:\/\/cultura.sma.gob.ar\/index.php?rest_route=%2Fwp%2Fv2%2Fcomments&post=1845"}],"version-history":[{"count":1,"href":"https:\/\/cultura.sma.gob.ar\/index.php?rest_route=\/wp\/v2\/posts\/1845\/revisions"}],"predecessor-version":[{"id":1849,"href":"https:\/\/cultura.sma.gob.ar\/index.php?rest_route=\/wp\/v2\/posts\/1845\/revisions\/1849"}],"wp:featuredmedia":[{"embeddable":true,"href":"https:\/\/cultura.sma.gob.ar\/index.php?rest_route=\/wp\/v2\/media\/1848"}],"wp:attachment":[{"href":"https:\/\/cultura.sma.gob.ar\/index.php?rest_route=%2Fwp%2Fv2%2Fmedia&parent=1845"}],"wp:term":[{"taxonomy":"category","embeddable":true,"href":"https:\/\/cultura.sma.gob.ar\/index.php?rest_route=%2Fwp%2Fv2%2Fcategories&post=1845"},{"taxonomy":"post_tag","embeddable":true,"href":"https:\/\/cultura.sma.gob.ar\/index.php?rest_route=%2Fwp%2Fv2%2Ftags&post=1845"}],"curies":[{"name":"wp","href":"https:\/\/api.w.org\/{rel}","templated":true}]}}