{"id":1841,"date":"2021-07-12T10:06:01","date_gmt":"2021-07-12T13:06:01","guid":{"rendered":"http:\/\/cultura.sma.gob.ar\/?p=1841"},"modified":"2021-07-13T10:47:57","modified_gmt":"2021-07-13T13:47:57","slug":"6to-festival-infantil-de-invierno","status":"publish","type":"post","link":"https:\/\/cultura.sma.gob.ar\/?p=1841","title":{"rendered":"6to Festival Infantil de Invierno"},"content":{"rendered":"\n<p>Con dos funciones diarias y 4 estect\u00e1culos en cartelera, la sexta edici\u00f3n del Festival Infantil de Invierno <strong>comienza este viernes 16 de julio y se extiede hasta el lunes 19.&nbsp;<\/strong> Las entradas de todos los <strong>shows son a la gorra<\/strong> y se retiran el mismo d\u00eda en la boleter\u00eda del Teatro San Jos\u00e9.<\/p>\n\n\n\n<figure class=\"wp-block-image size-large\"><img loading=\"lazy\" decoding=\"async\" width=\"1024\" height=\"1024\" src=\"http:\/\/cultura.sma.gob.ar\/wp-content\/uploads\/2021\/07\/fidi_21-01-1024x1024.jpg\" alt=\"\" class=\"wp-image-1873\" srcset=\"https:\/\/cultura.sma.gob.ar\/wp-content\/uploads\/2021\/07\/fidi_21-01-1024x1024.jpg 1024w, https:\/\/cultura.sma.gob.ar\/wp-content\/uploads\/2021\/07\/fidi_21-01-300x300.jpg 300w, https:\/\/cultura.sma.gob.ar\/wp-content\/uploads\/2021\/07\/fidi_21-01-150x150.jpg 150w, https:\/\/cultura.sma.gob.ar\/wp-content\/uploads\/2021\/07\/fidi_21-01-768x768.jpg 768w, https:\/\/cultura.sma.gob.ar\/wp-content\/uploads\/2021\/07\/fidi_21-01-90x90.jpg 90w, https:\/\/cultura.sma.gob.ar\/wp-content\/uploads\/2021\/07\/fidi_21-01.jpg 1042w\" sizes=\"auto, (max-width: 1024px) 100vw, 1024px\" \/><\/figure>\n\n\n\n<h4 class=\"wp-block-heading\"><strong>Cronograma<\/strong>:<\/h4>\n\n\n\n<p><strong>Viernes 16 &#8211; 16:00 y 17:30: \u201cCaminito Caracol\u201d<\/strong><\/p>\n\n\n\n<p>Dramaturgia y direcci\u00f3n: Luna Ventura, Carolina Ventura&nbsp;<br>Int\u00e9rpretes: Carolina Ventura, Luna Ventura<br>M\u00fasica original: Carolina Ventura. Objetos,&nbsp;<br>Escenograf\u00eda y vestuario: Luna Ventura.&nbsp;<br>Edici\u00f3n audiovisual y dise\u00f1o gr\u00e1fico: Alejandro Ventura<br>Duraci\u00f3n: 45 minutos<\/p>\n\n\n\n<p>Un viaje hacia el mundo sonoro. Carito Caro\u00e9 es una trovadora; ella ha viajado por el mundo con sus canciones y ha llegado el momento de hacer \u00a1un nuevo viaje! Tiene que dar un concierto especial en donde vive su amiga Teresa, en el litoral. Sin embargo, ya dispuesta a partir, Carito Caroe se da cuenta \u00a1que ha perdido algo fundamental para este viaje!, y tendr\u00e1 que encontrarlo para poder salir rumbo a su concierto. Para resolver este apuro contar\u00e1 con la ayuda de alguien especial, un ser m\u00e1gico, que la ayudar\u00e1 para poder recuperar lo extraviado. A\u00fan as\u00ed, no ser\u00e1 nada f\u00e1cil, pues deber\u00e1 superar algunas pruebas y acertijos. Con instrumentos musicales, juegos y mucho ingenio, Carito Caroe ir\u00e1 resolviendo las pruebas, junto con el p\u00fablico, que por momentos ser\u00e1 parte de estas haza\u00f1as. &#8220;Caminito caracol&#8221; es una invitaci\u00f3n a volar con la imaginaci\u00f3n y conectarse desde el mundo sonoro, para jugar con la creaci\u00f3n musical y divertirse con las aventuras de Carito Caro\u00e9, su m\u00fasica y su nueva amiga.<\/p>\n\n\n\n<p><strong>Sabado 17 &#8211; 16:00 y 17:30: \u201cUniverso Lila\u201d&nbsp;<\/strong><\/p>\n\n\n\n<p>AGRUPACI\u00d3N: LARAL\u00eeLA ARTE Y JUEGO ITINERANTE<br>Elenco: Noelia Ver\u00f3nica Sandoval; Erika Giselle Fig\u00fan; Liliana P\u00e9rez Anderes; Mar\u00eda Victoria Vincent<\/p>\n\n\n\n<p>\u201cUNIVERSO LILA\u201d es un espect\u00e1culo para ni\u00f1es de m\u00fasica y actuaci\u00f3n vinculadas al juego, a la danza y la literatura, e inspirado en experiencias de contacto con mucha belleza natural, los paisajes que rodean e impregnan el diario vivir en Patagonia, as\u00ed como en vivencias compartidas con otres desde la infancia. Conectadas con la ni\u00f1a interior que llevamos dentro, con el cuerpo, la m\u00fasica, la poes\u00eda, en todo el hilo conductor del espect\u00e1culo las Laral\u00eela reviven e irradian experiencias l\u00fadicas musicales de la infancia, esas que quedan en la memoria y como capital simb\u00f3lico para siempre, las que cobran fuerza y sostienen en momentos dif\u00edciles de la vida personal o comunitaria, dando cuenta de la gran potencia transformadora que albergan.<\/p>\n\n\n\n<p><strong>Domingo 18 &#8211; 16:00 y 17:30: \u201cEl soplador de estrellas\u201d<\/strong><\/p>\n\n\n\n<p>El Soplador de estrellas&#8221; de Ricardo Talento.<br>Act\u00faan: Guido Bot\u00edn y Lucrecia Panzia<br>Direcci\u00f3n: Eleonora Arias<\/p>\n\n\n\n<p>Sobre una terraza, una cient\u00edfica enredada en sus extra\u00f1os inventos, formula tres, cuatro, mil deseos para salvar a la humanidad de las cat\u00e1strofes que la asuelan y apaga una estrella. Una a una, va extinguiendo las luces de esas lejanas velas del firmamento, en su desesperado af\u00e1n por realizar sus sue\u00f1os de utop\u00eda. Pero abajo, en la Tierra, todo sigue igual. Har\u00e1 falta que llegue un asistente para que quede en evidencia la inutilidad del sacrificio astron\u00f3mico. La obra se proyecta como un cuento, para las generaciones que reci\u00e9n se asoman a las butacas. Un tono po\u00e9tico flota sobre los di\u00e1logos que construyen y resuelven el conflicto sobre el mirador. La puesta potencia a la vez el humor latente en cada escena, eficazmente apoyado por m\u00fasica y escenograf\u00eda. Los actores juegan sus personajes en clave de clown, sin narices ni pelucas.&nbsp;<\/p>\n\n\n\n<p><strong>Lunes 19 &#8211; 16:00 y 17:30: \u201cEl Qui-Jote de la Mancha\u201d<\/strong><\/p>\n\n\n\n<p>Espect\u00e1culo: adaptaci\u00f3n libre de la novela Don Quijote de la Mancha.<br>Texto: Rafael Urretabizkaya&nbsp;<br>Grupo: La P\u00e9lela t\u00edteres.&nbsp;<br>Procedencia: San Mart\u00edn de los Andes.<br>Manipulaci\u00f3n: Daniel Aguirre.<br>Construcci\u00f3n Pl\u00e1stica, (escenograf\u00eda y t\u00edteres): La pelela t\u00edteres.<br>Vestuarios: Stella Maris Lamela<br>Direcci\u00f3n: La P\u00e9lela t\u00edteres<br>T\u00e9cnica: guante, varilla<br>Duraci\u00f3n: 45\u201d<\/p>\n\n\n\n<p>Pasan las \u00e9pocas, pasan el tiempo y los sue\u00f1os de la mano de los so\u00f1adores de siempre ganan las batallas contra la injusticia. Adaptaci\u00f3n de la celebre novela de Miguel de Cervantes, donde la magia de los t\u00edteres de guantes y la jugler\u00eda se conjugan para dar paso a un espect\u00e1culo apto para todo publico. Los caminos llevan a Don Quijote y a Sancho a encontrarse con la injusticia y sin dudarlo emprenden la aventura de combatirla. Don Quijote, Sancho Panza, Dulcinea, Don Jos\u00e9, sus papeles y sus aliados son algunos de los personajes que juntos arman esta obra, homenaje a lo cl\u00e1sico.&nbsp;&nbsp;&nbsp;De que \u00e9poca es el Quijote??<\/p>\n","protected":false},"excerpt":{"rendered":"<p>Del 16 al 19 de julio, con funciones a la gorra a las 16 y 17:30hs. <a href=\"https:\/\/cultura.sma.gob.ar\/?p=1841\" class=\"more-link\">Continue reading <span class=\"screen-reader-text\">6to Festival Infantil de Invierno<\/span><\/a><\/p>\n","protected":false},"author":1,"featured_media":1842,"comment_status":"closed","ping_status":"","sticky":false,"template":"","format":"image","meta":{"footnotes":""},"categories":[8],"tags":[48,46,54],"class_list":["post-1841","post","type-post","status-publish","format-image","has-post-thumbnail","hentry","category-teatro-san-jose","tag-infantil","tag-teatro","tag-vacaciones-de-invierno","post_format-post-format-image"],"_links":{"self":[{"href":"https:\/\/cultura.sma.gob.ar\/index.php?rest_route=\/wp\/v2\/posts\/1841","targetHints":{"allow":["GET"]}}],"collection":[{"href":"https:\/\/cultura.sma.gob.ar\/index.php?rest_route=\/wp\/v2\/posts"}],"about":[{"href":"https:\/\/cultura.sma.gob.ar\/index.php?rest_route=\/wp\/v2\/types\/post"}],"author":[{"embeddable":true,"href":"https:\/\/cultura.sma.gob.ar\/index.php?rest_route=\/wp\/v2\/users\/1"}],"replies":[{"embeddable":true,"href":"https:\/\/cultura.sma.gob.ar\/index.php?rest_route=%2Fwp%2Fv2%2Fcomments&post=1841"}],"version-history":[{"count":2,"href":"https:\/\/cultura.sma.gob.ar\/index.php?rest_route=\/wp\/v2\/posts\/1841\/revisions"}],"predecessor-version":[{"id":1874,"href":"https:\/\/cultura.sma.gob.ar\/index.php?rest_route=\/wp\/v2\/posts\/1841\/revisions\/1874"}],"wp:featuredmedia":[{"embeddable":true,"href":"https:\/\/cultura.sma.gob.ar\/index.php?rest_route=\/wp\/v2\/media\/1842"}],"wp:attachment":[{"href":"https:\/\/cultura.sma.gob.ar\/index.php?rest_route=%2Fwp%2Fv2%2Fmedia&parent=1841"}],"wp:term":[{"taxonomy":"category","embeddable":true,"href":"https:\/\/cultura.sma.gob.ar\/index.php?rest_route=%2Fwp%2Fv2%2Fcategories&post=1841"},{"taxonomy":"post_tag","embeddable":true,"href":"https:\/\/cultura.sma.gob.ar\/index.php?rest_route=%2Fwp%2Fv2%2Ftags&post=1841"}],"curies":[{"name":"wp","href":"https:\/\/api.w.org\/{rel}","templated":true}]}}