{"id":1824,"date":"2021-07-07T09:26:43","date_gmt":"2021-07-07T12:26:43","guid":{"rendered":"http:\/\/cultura.sma.gob.ar\/?p=1824"},"modified":"2021-07-07T09:26:43","modified_gmt":"2021-07-07T12:26:43","slug":"primer-ciclo-trabunero-en-la-sala-amankay","status":"publish","type":"post","link":"https:\/\/cultura.sma.gob.ar\/?p=1824","title":{"rendered":"Primer ciclo trabunero en la Sala Amankay"},"content":{"rendered":"\n<div class=\"wp-block-image\"><figure class=\"aligncenter size-large\"><img loading=\"lazy\" decoding=\"async\" width=\"1024\" height=\"1024\" src=\"http:\/\/cultura.sma.gob.ar\/wp-content\/uploads\/2021\/07\/Flyer-Trabun-9-de-Julio-1024x1024.jpg\" alt=\"\" class=\"wp-image-1825\" srcset=\"https:\/\/cultura.sma.gob.ar\/wp-content\/uploads\/2021\/07\/Flyer-Trabun-9-de-Julio-1024x1024.jpg 1024w, https:\/\/cultura.sma.gob.ar\/wp-content\/uploads\/2021\/07\/Flyer-Trabun-9-de-Julio-300x300.jpg 300w, https:\/\/cultura.sma.gob.ar\/wp-content\/uploads\/2021\/07\/Flyer-Trabun-9-de-Julio-150x150.jpg 150w, https:\/\/cultura.sma.gob.ar\/wp-content\/uploads\/2021\/07\/Flyer-Trabun-9-de-Julio-768x768.jpg 768w, https:\/\/cultura.sma.gob.ar\/wp-content\/uploads\/2021\/07\/Flyer-Trabun-9-de-Julio-90x90.jpg 90w, https:\/\/cultura.sma.gob.ar\/wp-content\/uploads\/2021\/07\/Flyer-Trabun-9-de-Julio.jpg 1082w\" sizes=\"auto, (max-width: 1024px) 100vw, 1024px\" \/><\/figure><\/div>\n\n\n\n<p>Este viernes, 09 de Julio, feriado nacional, a las 20:00hs, la Comisi\u00f3n del Trab\u00fan desembarca en nuestra querida Sala Amankay para presentar, en un trabajo conjunto con la Secretar\u00eda de Cultura de San Mart\u00edn de los Andes, el \u201c1\u00b0 CICLO TRABUNERO\u201d.<br>Esta iniciativa, es llevada a cabo para continuar recaudando fondos para fin de a\u00f1o y que se pueda realizar esta hermosa fiesta del pueblo de San Mart\u00edn de los Andes.<br>Podr\u00e1n disfrutar del encuentro junto a grupos musicales y de danza de nuestra localidad en vivo.<\/p>\n\n\n\n<p>Como todas las presentaciones que se desarrollan en nuestra sala, la misma contar\u00e1 con todos los protocolos sanitarios vigentes para tu seguridad, seguridad de los artistas y de los trabajadores.<\/p>\n\n\n\n<p>Las entradas ya est\u00e1n a la venta en la boleteria del Centro Cultural.<br>Valor $300.- Cupos limitados.<\/p>\n\n\n\n<p>Contacto:&nbsp;<a href=\"https:\/\/correo.smandes.gov.ar\/owa\/redir.aspx?C=8e270b8c00c84cf190920af7bdb655ea&amp;URL=mailto%3atrabun.encuentrodelospueblos%40gmail.com\">trabun.encuentrodelospueblos@gmail.com<\/a><\/p>\n","protected":false},"excerpt":{"rendered":"<p>Viernes 9 de julio a las 20hs en el Centro Cultural Cotesma. <a href=\"https:\/\/cultura.sma.gob.ar\/?p=1824\" class=\"more-link\">Continue reading <span class=\"screen-reader-text\">Primer ciclo trabunero en la Sala Amankay<\/span><\/a><\/p>\n","protected":false},"author":1,"featured_media":297,"comment_status":"closed","ping_status":"","sticky":false,"template":"","format":"image","meta":{"footnotes":""},"categories":[2],"tags":[53],"class_list":["post-1824","post","type-post","status-publish","format-image","has-post-thumbnail","hentry","category-ciudad-cultural","tag-show-en-vivo","post_format-post-format-image"],"_links":{"self":[{"href":"https:\/\/cultura.sma.gob.ar\/index.php?rest_route=\/wp\/v2\/posts\/1824","targetHints":{"allow":["GET"]}}],"collection":[{"href":"https:\/\/cultura.sma.gob.ar\/index.php?rest_route=\/wp\/v2\/posts"}],"about":[{"href":"https:\/\/cultura.sma.gob.ar\/index.php?rest_route=\/wp\/v2\/types\/post"}],"author":[{"embeddable":true,"href":"https:\/\/cultura.sma.gob.ar\/index.php?rest_route=\/wp\/v2\/users\/1"}],"replies":[{"embeddable":true,"href":"https:\/\/cultura.sma.gob.ar\/index.php?rest_route=%2Fwp%2Fv2%2Fcomments&post=1824"}],"version-history":[{"count":1,"href":"https:\/\/cultura.sma.gob.ar\/index.php?rest_route=\/wp\/v2\/posts\/1824\/revisions"}],"predecessor-version":[{"id":1826,"href":"https:\/\/cultura.sma.gob.ar\/index.php?rest_route=\/wp\/v2\/posts\/1824\/revisions\/1826"}],"wp:featuredmedia":[{"embeddable":true,"href":"https:\/\/cultura.sma.gob.ar\/index.php?rest_route=\/wp\/v2\/media\/297"}],"wp:attachment":[{"href":"https:\/\/cultura.sma.gob.ar\/index.php?rest_route=%2Fwp%2Fv2%2Fmedia&parent=1824"}],"wp:term":[{"taxonomy":"category","embeddable":true,"href":"https:\/\/cultura.sma.gob.ar\/index.php?rest_route=%2Fwp%2Fv2%2Fcategories&post=1824"},{"taxonomy":"post_tag","embeddable":true,"href":"https:\/\/cultura.sma.gob.ar\/index.php?rest_route=%2Fwp%2Fv2%2Ftags&post=1824"}],"curies":[{"name":"wp","href":"https:\/\/api.w.org\/{rel}","templated":true}]}}