{"id":1815,"date":"2021-07-05T09:03:26","date_gmt":"2021-07-05T12:03:26","guid":{"rendered":"http:\/\/cultura.sma.gob.ar\/?p=1815"},"modified":"2021-07-05T09:17:10","modified_gmt":"2021-07-05T12:17:10","slug":"convocatoria-para-conformar-la-comision-organizadora-de-la-feria-del-libro","status":"publish","type":"post","link":"https:\/\/cultura.sma.gob.ar\/?p=1815","title":{"rendered":"Convocatoria para conformar la Comisi\u00f3n Organizadora de la Feria del Libro"},"content":{"rendered":"\n<p>La Secretar\u00eda de Cultura informa que entr\u00f3 en vigencia la Reglamentaci\u00f3n que establece la conformaci\u00f3n y el funcionamiento de la Comisi\u00f3n Organizadora de la Feria Regional del Libro (Ordenanza 10615\/15, Decreto N\u00ba 1468\/21).&nbsp;<\/p>\n\n\n\n<p>Esta Reglamentaci\u00f3n prev\u00e9 la participaci\u00f3n en esta Comisi\u00f3n de las bibliotecas populares, el Centro Editor Municipal, las librer\u00edas, los libreros con otras modalidades de venta, las editoriales, el Profesorado de Lengua y Literatura del Instituto Superior de Formaci\u00f3n Docente N\u00ba 3, la biblioteca especializada del Parque Nacional Lan\u00edn, la biblioteca Mario Gentili del AUSMA, las comunidades mapuche del ejido urbano y un representante de los escritores de la localidad.<\/p>\n\n\n\n<p>Se invita entonces a estas entidades a contactarse con la Secretar\u00eda de Cultura a fin de recibir informaci\u00f3n sobre las condiciones para formalizar su participaci\u00f3n en la Comisi\u00f3n Organizadora.<\/p>\n\n\n\n<p>Representante de escritores:<\/p>\n\n\n\n<p>Los escritores y escritoras locales que quieran ocupar este lugar en la organizaci\u00f3n de la Feria del Libro 2021, <strong>deber\u00e1n enviar su postulaci\u00f3n a la Secretar\u00eda de Cultura, a partir de hoy y hasta el viernes 23 de julio.<\/strong><\/p>\n\n\n\n<p>Para esto deber\u00e1n enviar un correo electr\u00f3nico a <a href=\"mailto:feriadellibro@smandes.gov.ar\">feriadellibro@smandes.gov.ar<\/a>, colocando en el asunto REPRESENTACI\u00d3N DE ESCRITORES EN FERIA DEL LIBRO, e incluir en el cuerpo del mail los siguientes datos:&nbsp;<\/p>\n\n\n\n<ul class=\"wp-block-list\"><li>Nombre y apellido<\/li><li>DNI&nbsp;<\/li><li>Cantidad de a\u00f1os que lleva residiendo en la ciudad<\/li><li>Libros publicados en los \u00faltimos 5 a\u00f1os, con su ISBN.<\/li><\/ul>\n\n\n\n<p>Importante: <strong>esta convocatoria es v\u00e1lida para los escritores y escritoras que tengan como m\u00ednimo un libro publicado en los \u00faltimos 5 a\u00f1os<\/strong>.&nbsp;<\/p>\n\n\n\n<p>Una vez recibidas todas las postulaciones, se realizar\u00e1 un sorteo para determinar cu\u00e1l ser\u00e1 el representante de los escritores y escritoras locales en la Comisi\u00f3n Organizadora de esta edici\u00f3n 2021.&nbsp;<\/p>\n","protected":false},"excerpt":{"rendered":"<p>Edici\u00f3n 2021 <a href=\"https:\/\/cultura.sma.gob.ar\/?p=1815\" class=\"more-link\">Continue reading <span class=\"screen-reader-text\">Convocatoria para conformar la Comisi\u00f3n Organizadora de la Feria del Libro<\/span><\/a><\/p>\n","protected":false},"author":1,"featured_media":1821,"comment_status":"closed","ping_status":"","sticky":false,"template":"","format":"image","meta":{"footnotes":""},"categories":[3],"tags":[52],"class_list":["post-1815","post","type-post","status-publish","format-image","has-post-thumbnail","hentry","category-eventos-cultura","tag-noticias","post_format-post-format-image"],"_links":{"self":[{"href":"https:\/\/cultura.sma.gob.ar\/index.php?rest_route=\/wp\/v2\/posts\/1815","targetHints":{"allow":["GET"]}}],"collection":[{"href":"https:\/\/cultura.sma.gob.ar\/index.php?rest_route=\/wp\/v2\/posts"}],"about":[{"href":"https:\/\/cultura.sma.gob.ar\/index.php?rest_route=\/wp\/v2\/types\/post"}],"author":[{"embeddable":true,"href":"https:\/\/cultura.sma.gob.ar\/index.php?rest_route=\/wp\/v2\/users\/1"}],"replies":[{"embeddable":true,"href":"https:\/\/cultura.sma.gob.ar\/index.php?rest_route=%2Fwp%2Fv2%2Fcomments&post=1815"}],"version-history":[{"count":3,"href":"https:\/\/cultura.sma.gob.ar\/index.php?rest_route=\/wp\/v2\/posts\/1815\/revisions"}],"predecessor-version":[{"id":1823,"href":"https:\/\/cultura.sma.gob.ar\/index.php?rest_route=\/wp\/v2\/posts\/1815\/revisions\/1823"}],"wp:featuredmedia":[{"embeddable":true,"href":"https:\/\/cultura.sma.gob.ar\/index.php?rest_route=\/wp\/v2\/media\/1821"}],"wp:attachment":[{"href":"https:\/\/cultura.sma.gob.ar\/index.php?rest_route=%2Fwp%2Fv2%2Fmedia&parent=1815"}],"wp:term":[{"taxonomy":"category","embeddable":true,"href":"https:\/\/cultura.sma.gob.ar\/index.php?rest_route=%2Fwp%2Fv2%2Fcategories&post=1815"},{"taxonomy":"post_tag","embeddable":true,"href":"https:\/\/cultura.sma.gob.ar\/index.php?rest_route=%2Fwp%2Fv2%2Ftags&post=1815"}],"curies":[{"name":"wp","href":"https:\/\/api.w.org\/{rel}","templated":true}]}}