{"id":1808,"date":"2021-07-05T08:53:39","date_gmt":"2021-07-05T11:53:39","guid":{"rendered":"http:\/\/cultura.sma.gob.ar\/?p=1808"},"modified":"2021-07-05T08:53:39","modified_gmt":"2021-07-05T11:53:39","slug":"variete-infantil-2021","status":"publish","type":"post","link":"https:\/\/cultura.sma.gob.ar\/?p=1808","title":{"rendered":"Variete infantil 2021"},"content":{"rendered":"\n<div class=\"wp-block-image\"><figure class=\"aligncenter size-large\"><img loading=\"lazy\" decoding=\"async\" width=\"800\" height=\"534\" src=\"http:\/\/cultura.sma.gob.ar\/wp-content\/uploads\/2021\/07\/IMG-20210626-WA0034.jpg\" alt=\"\" class=\"wp-image-1809\" srcset=\"https:\/\/cultura.sma.gob.ar\/wp-content\/uploads\/2021\/07\/IMG-20210626-WA0034.jpg 800w, https:\/\/cultura.sma.gob.ar\/wp-content\/uploads\/2021\/07\/IMG-20210626-WA0034-300x200.jpg 300w, https:\/\/cultura.sma.gob.ar\/wp-content\/uploads\/2021\/07\/IMG-20210626-WA0034-768x513.jpg 768w, https:\/\/cultura.sma.gob.ar\/wp-content\/uploads\/2021\/07\/IMG-20210626-WA0034-135x90.jpg 135w\" sizes=\"auto, (max-width: 800px) 100vw, 800px\" \/><\/figure><\/div>\n\n\n\n<p>Desde el <strong>jueves 8 de julio y hasta el domingo 11 de julio<\/strong>, el Teatro San Jos\u00e9 presenta la Variet\u00e9 Infantil 2021, con <strong>4 espect\u00e1culos<\/strong> especialmente producidos para ni\u00f1os, ni\u00f1as y familias.&nbsp;<\/p>\n\n\n\n<p>Los mismos se estrenar\u00e1n, uno por d\u00eda, a<strong> las 17hs en el canal de Youtube<\/strong> de la Secretar\u00eda de Cultura (Cultura SMAndes), para acompa\u00f1ar las meriendas y disfrutar de nuestros artistas locales.<\/p>\n\n\n\n<div class=\"wp-block-image\"><figure class=\"aligncenter size-large\"><img loading=\"lazy\" decoding=\"async\" width=\"800\" height=\"534\" src=\"http:\/\/cultura.sma.gob.ar\/wp-content\/uploads\/2021\/07\/IMG-20210626-WA0042.jpg\" alt=\"\" class=\"wp-image-1810\" srcset=\"https:\/\/cultura.sma.gob.ar\/wp-content\/uploads\/2021\/07\/IMG-20210626-WA0042.jpg 800w, https:\/\/cultura.sma.gob.ar\/wp-content\/uploads\/2021\/07\/IMG-20210626-WA0042-300x200.jpg 300w, https:\/\/cultura.sma.gob.ar\/wp-content\/uploads\/2021\/07\/IMG-20210626-WA0042-768x513.jpg 768w, https:\/\/cultura.sma.gob.ar\/wp-content\/uploads\/2021\/07\/IMG-20210626-WA0042-135x90.jpg 135w\" sizes=\"auto, (max-width: 800px) 100vw, 800px\" \/><\/figure><\/div>\n\n\n\n<p><strong>Participan de esta edici\u00f3n:<\/strong><\/p>\n\n\n\n<p><strong><em>Cristal y Rodri Love &#8211; <\/em><\/strong>De la compania CDH &#8211; circo danza y humor. Presentan &#8220;Friki FlashDance&#8221;: Hab\u00eda una vez una cient\u00edfica chiflada que buscaba dar vida a su creaci\u00f3n y descubri\u00f3 que la m\u00fasica era lo unico que funcionaba d\u00e1ndole vida a trav\u00e9s de la danza, la contagi\u00f3 de alegr\u00eda.<\/p>\n\n\n\n<p><strong>Romi Farias<\/strong> &#8211; Compa\u00f1\u00eda a Tope. Presenta su espect\u00e1culo \u201cZumbido\u201d: Uni personal de clown y danza para grandes y chicos. Un viaje que transcurre con melancolia, sensualidad, humor, peleas, danza, teatro y acrobacia. Por los sue\u00f1os e imaginarios de un personaje que alucina encontrar el amor para toda la vida.<\/p>\n\n\n\n<div class=\"wp-block-image\"><figure class=\"aligncenter size-large\"><img loading=\"lazy\" decoding=\"async\" width=\"800\" height=\"534\" src=\"http:\/\/cultura.sma.gob.ar\/wp-content\/uploads\/2021\/07\/CELINA_BAJA_2021-7-de-12.jpg\" alt=\"\" class=\"wp-image-1811\" srcset=\"https:\/\/cultura.sma.gob.ar\/wp-content\/uploads\/2021\/07\/CELINA_BAJA_2021-7-de-12.jpg 800w, https:\/\/cultura.sma.gob.ar\/wp-content\/uploads\/2021\/07\/CELINA_BAJA_2021-7-de-12-300x200.jpg 300w, https:\/\/cultura.sma.gob.ar\/wp-content\/uploads\/2021\/07\/CELINA_BAJA_2021-7-de-12-768x513.jpg 768w, https:\/\/cultura.sma.gob.ar\/wp-content\/uploads\/2021\/07\/CELINA_BAJA_2021-7-de-12-135x90.jpg 135w\" sizes=\"auto, (max-width: 800px) 100vw, 800px\" \/><\/figure><\/div>\n\n\n\n<p><strong><em>Celina Esteves <\/em><\/strong>&#8211; Compa\u00f1\u00eda Mate Dulce. Presenta su espect\u00e1culo \u201cFiesta de cumplea\u00f1os\u201d: Mate Dulce es un proyecto de M\u00fasica Infantil, creado por Celina Esteves,con 7 a\u00f1os de trayectoria.&nbsp; Esta vez nos encontramos para compartir &#8220;FIESTA DE CUMPLEA\u00d1OS, canciones y juegos para&nbsp; divertirse! Espect\u00e1culo musical para toda la familia<\/p>\n\n\n\n<p><strong><em>Goyo<\/em><\/strong> &#8211; Compa\u00f1\u00eda Circo Goyo. Presenta su espect\u00e1culo \u201cMisanplan\u201d.<\/p>\n","protected":false},"excerpt":{"rendered":"<p>Desde el jueves 8 al doming 11, a las 17hs por el canal de Youtube de la Secretr\u00eda de Cultura. <a href=\"https:\/\/cultura.sma.gob.ar\/?p=1808\" class=\"more-link\">Continue reading <span class=\"screen-reader-text\">Variete infantil 2021<\/span><\/a><\/p>\n","protected":false},"author":1,"featured_media":1812,"comment_status":"closed","ping_status":"","sticky":false,"template":"","format":"image","meta":{"footnotes":""},"categories":[8],"tags":[36],"class_list":["post-1808","post","type-post","status-publish","format-image","has-post-thumbnail","hentry","category-teatro-san-jose","tag-virtual","post_format-post-format-image"],"_links":{"self":[{"href":"https:\/\/cultura.sma.gob.ar\/index.php?rest_route=\/wp\/v2\/posts\/1808","targetHints":{"allow":["GET"]}}],"collection":[{"href":"https:\/\/cultura.sma.gob.ar\/index.php?rest_route=\/wp\/v2\/posts"}],"about":[{"href":"https:\/\/cultura.sma.gob.ar\/index.php?rest_route=\/wp\/v2\/types\/post"}],"author":[{"embeddable":true,"href":"https:\/\/cultura.sma.gob.ar\/index.php?rest_route=\/wp\/v2\/users\/1"}],"replies":[{"embeddable":true,"href":"https:\/\/cultura.sma.gob.ar\/index.php?rest_route=%2Fwp%2Fv2%2Fcomments&post=1808"}],"version-history":[{"count":1,"href":"https:\/\/cultura.sma.gob.ar\/index.php?rest_route=\/wp\/v2\/posts\/1808\/revisions"}],"predecessor-version":[{"id":1813,"href":"https:\/\/cultura.sma.gob.ar\/index.php?rest_route=\/wp\/v2\/posts\/1808\/revisions\/1813"}],"wp:featuredmedia":[{"embeddable":true,"href":"https:\/\/cultura.sma.gob.ar\/index.php?rest_route=\/wp\/v2\/media\/1812"}],"wp:attachment":[{"href":"https:\/\/cultura.sma.gob.ar\/index.php?rest_route=%2Fwp%2Fv2%2Fmedia&parent=1808"}],"wp:term":[{"taxonomy":"category","embeddable":true,"href":"https:\/\/cultura.sma.gob.ar\/index.php?rest_route=%2Fwp%2Fv2%2Fcategories&post=1808"},{"taxonomy":"post_tag","embeddable":true,"href":"https:\/\/cultura.sma.gob.ar\/index.php?rest_route=%2Fwp%2Fv2%2Ftags&post=1808"}],"curies":[{"name":"wp","href":"https:\/\/api.w.org\/{rel}","templated":true}]}}