{"id":1803,"date":"2021-07-02T10:22:18","date_gmt":"2021-07-02T13:22:18","guid":{"rendered":"http:\/\/cultura.sma.gob.ar\/?p=1803"},"modified":"2021-07-02T10:22:18","modified_gmt":"2021-07-02T13:22:18","slug":"quien-soy-yo-paradice-ballet-teens","status":"publish","type":"post","link":"https:\/\/cultura.sma.gob.ar\/?p=1803","title":{"rendered":"\u00bfQui\u00e9n soy yo?: Paradice Ballet Teens"},"content":{"rendered":"\n<figure class=\"wp-block-image size-large\"><img loading=\"lazy\" decoding=\"async\" width=\"724\" height=\"1024\" src=\"http:\/\/cultura.sma.gob.ar\/wp-content\/uploads\/2021\/07\/Quien-Soy-Yo-Doble-Fecha-724x1024.jpeg\" alt=\"\" class=\"wp-image-1804\" srcset=\"https:\/\/cultura.sma.gob.ar\/wp-content\/uploads\/2021\/07\/Quien-Soy-Yo-Doble-Fecha-724x1024.jpeg 724w, https:\/\/cultura.sma.gob.ar\/wp-content\/uploads\/2021\/07\/Quien-Soy-Yo-Doble-Fecha-212x300.jpeg 212w, https:\/\/cultura.sma.gob.ar\/wp-content\/uploads\/2021\/07\/Quien-Soy-Yo-Doble-Fecha-768x1086.jpeg 768w, https:\/\/cultura.sma.gob.ar\/wp-content\/uploads\/2021\/07\/Quien-Soy-Yo-Doble-Fecha-1086x1536.jpeg 1086w, https:\/\/cultura.sma.gob.ar\/wp-content\/uploads\/2021\/07\/Quien-Soy-Yo-Doble-Fecha-1448x2048.jpeg 1448w, https:\/\/cultura.sma.gob.ar\/wp-content\/uploads\/2021\/07\/Quien-Soy-Yo-Doble-Fecha-64x90.jpeg 64w, https:\/\/cultura.sma.gob.ar\/wp-content\/uploads\/2021\/07\/Quien-Soy-Yo-Doble-Fecha.jpeg 1587w\" sizes=\"auto, (max-width: 724px) 100vw, 724px\" \/><\/figure>\n\n\n\n<p>Estimados, gusto en saludarlos nuevamente. Siguen las buenas noticias relacionadas a la vuelta del p\u00fablico a las Salas.<br>El Grupo Teens de Paradise Ballet suma dos nuevas fechas en nuestra querida Sala Amankay.<br>As\u00ed es, a las fechas de este viernes 02 de julio, se suman dos nuevas presentaciones el d\u00eda s\u00e1bado 10 de Julio. Las funciones ser\u00e1n a las 20:30hs y a las 22hs y ya est\u00e1n a la venta en la Boleteria del Centro Cultural Cotesma.<br>La obra es realizada por el Grupo TEENS de la Compa\u00f1\u00eda y est\u00e1 dirigida por Natalia Lamberti y Stefania Mateu en coreograf\u00eda y puesta en escena.<\/p>\n\n\n\n<p>&#8220;El nivel de cercan\u00eda que hoy podemos tener gracias a la tecnolog\u00eda es un instrumento inmenso, las redes sociales nos permiten tener acceso a todo, pero poco a poco ese todo queda encerrado en ese mundo cibern\u00e9tico, nos olvidamos de nuestros amigos m\u00e1s cercanos y nos preocupa m\u00e1s cuantos likes tienen nuestras publicaciones que compartir una taza de caf\u00e9 con un amigo.<\/p>\n\n\n\n<p><em>Quienes somos<\/em>&nbsp;es una l\u00ednea muy fina en este mundo manchado por estereotipos que circulan en las redes sociales en torno a cuerpos, objetos materiales, consumo y otros.<\/p>\n\n\n\n<p>Vinimos a romper eso, vinimos a descifrar en este escenario quienes somos.<\/p>\n\n\n\n<p>Y vos que vas a estar sentado en la butaca&#8230; alguna vez te preguntaste m\u00e1s all\u00e1 de tu alias en Instagram \u00bfqui\u00e9n soy yo?\u201d.&nbsp;<\/p>\n","protected":false},"excerpt":{"rendered":"<p>Nueva funci\u00f3n doble el s\u00e1bado 10 de julio. <a href=\"https:\/\/cultura.sma.gob.ar\/?p=1803\" class=\"more-link\">Continue reading <span class=\"screen-reader-text\">\u00bfQui\u00e9n soy yo?: Paradice Ballet Teens<\/span><\/a><\/p>\n","protected":false},"author":1,"featured_media":297,"comment_status":"closed","ping_status":"","sticky":false,"template":"","format":"image","meta":{"footnotes":""},"categories":[2],"tags":[51],"class_list":["post-1803","post","type-post","status-publish","format-image","has-post-thumbnail","hentry","category-ciudad-cultural","tag-danza-contemporanea","post_format-post-format-image"],"_links":{"self":[{"href":"https:\/\/cultura.sma.gob.ar\/index.php?rest_route=\/wp\/v2\/posts\/1803","targetHints":{"allow":["GET"]}}],"collection":[{"href":"https:\/\/cultura.sma.gob.ar\/index.php?rest_route=\/wp\/v2\/posts"}],"about":[{"href":"https:\/\/cultura.sma.gob.ar\/index.php?rest_route=\/wp\/v2\/types\/post"}],"author":[{"embeddable":true,"href":"https:\/\/cultura.sma.gob.ar\/index.php?rest_route=\/wp\/v2\/users\/1"}],"replies":[{"embeddable":true,"href":"https:\/\/cultura.sma.gob.ar\/index.php?rest_route=%2Fwp%2Fv2%2Fcomments&post=1803"}],"version-history":[{"count":1,"href":"https:\/\/cultura.sma.gob.ar\/index.php?rest_route=\/wp\/v2\/posts\/1803\/revisions"}],"predecessor-version":[{"id":1805,"href":"https:\/\/cultura.sma.gob.ar\/index.php?rest_route=\/wp\/v2\/posts\/1803\/revisions\/1805"}],"wp:featuredmedia":[{"embeddable":true,"href":"https:\/\/cultura.sma.gob.ar\/index.php?rest_route=\/wp\/v2\/media\/297"}],"wp:attachment":[{"href":"https:\/\/cultura.sma.gob.ar\/index.php?rest_route=%2Fwp%2Fv2%2Fmedia&parent=1803"}],"wp:term":[{"taxonomy":"category","embeddable":true,"href":"https:\/\/cultura.sma.gob.ar\/index.php?rest_route=%2Fwp%2Fv2%2Fcategories&post=1803"},{"taxonomy":"post_tag","embeddable":true,"href":"https:\/\/cultura.sma.gob.ar\/index.php?rest_route=%2Fwp%2Fv2%2Ftags&post=1803"}],"curies":[{"name":"wp","href":"https:\/\/api.w.org\/{rel}","templated":true}]}}