{"id":1798,"date":"2021-07-01T09:55:05","date_gmt":"2021-07-01T12:55:05","guid":{"rendered":"http:\/\/cultura.sma.gob.ar\/?p=1798"},"modified":"2021-07-01T09:55:05","modified_gmt":"2021-07-01T12:55:05","slug":"reciclado-textil-tutorial-virtual","status":"publish","type":"post","link":"https:\/\/cultura.sma.gob.ar\/?p=1798","title":{"rendered":"Reciclado textil: tutorial virtual"},"content":{"rendered":"\n<figure class=\"wp-block-image size-large\"><img loading=\"lazy\" decoding=\"async\" width=\"800\" height=\"534\" src=\"http:\/\/cultura.sma.gob.ar\/wp-content\/uploads\/2021\/07\/IMG-20210610-WA0063.jpg\" alt=\"\" class=\"wp-image-1800\" srcset=\"https:\/\/cultura.sma.gob.ar\/wp-content\/uploads\/2021\/07\/IMG-20210610-WA0063.jpg 800w, https:\/\/cultura.sma.gob.ar\/wp-content\/uploads\/2021\/07\/IMG-20210610-WA0063-300x200.jpg 300w, https:\/\/cultura.sma.gob.ar\/wp-content\/uploads\/2021\/07\/IMG-20210610-WA0063-768x513.jpg 768w, https:\/\/cultura.sma.gob.ar\/wp-content\/uploads\/2021\/07\/IMG-20210610-WA0063-135x90.jpg 135w\" sizes=\"auto, (max-width: 800px) 100vw, 800px\" \/><\/figure>\n\n\n\n<p>El pr\u00f3ximo viernes, 2 de julio, comienza un nuevo ciclo de tutoriales virtuales, esta vez de la mano de Adriana Espinosa, quien nos ense\u00f1ar\u00e1 a reciclar telas para crear nuevas prendas. <\/p>\n\n\n\n<p>Con estrenos los d\u00edas mi\u00e9rcoles y viernes, a las 17hs, por el canal de YouTube de la Secretar\u00eda, este ciclo consta de 4 partes y contempla diversas t\u00e9cnicas de reciclado textil, como el suprareciclaje, para seguir aprendiendo a reutilizar y renovar los textiles, experimentando y divirtiendonos en familia.<\/p>\n","protected":false},"excerpt":{"rendered":"<p>Nuevo tutorial, todos los mi\u00e9rcoles y viernes por YouTube. <a href=\"https:\/\/cultura.sma.gob.ar\/?p=1798\" class=\"more-link\">Continue reading <span class=\"screen-reader-text\">Reciclado textil: tutorial virtual<\/span><\/a><\/p>\n","protected":false},"author":1,"featured_media":1801,"comment_status":"closed","ping_status":"","sticky":false,"template":"","format":"image","meta":{"footnotes":""},"categories":[7],"tags":[],"class_list":["post-1798","post","type-post","status-publish","format-image","has-post-thumbnail","hentry","category-talleres-cultura","post_format-post-format-image"],"_links":{"self":[{"href":"https:\/\/cultura.sma.gob.ar\/index.php?rest_route=\/wp\/v2\/posts\/1798","targetHints":{"allow":["GET"]}}],"collection":[{"href":"https:\/\/cultura.sma.gob.ar\/index.php?rest_route=\/wp\/v2\/posts"}],"about":[{"href":"https:\/\/cultura.sma.gob.ar\/index.php?rest_route=\/wp\/v2\/types\/post"}],"author":[{"embeddable":true,"href":"https:\/\/cultura.sma.gob.ar\/index.php?rest_route=\/wp\/v2\/users\/1"}],"replies":[{"embeddable":true,"href":"https:\/\/cultura.sma.gob.ar\/index.php?rest_route=%2Fwp%2Fv2%2Fcomments&post=1798"}],"version-history":[{"count":2,"href":"https:\/\/cultura.sma.gob.ar\/index.php?rest_route=\/wp\/v2\/posts\/1798\/revisions"}],"predecessor-version":[{"id":1802,"href":"https:\/\/cultura.sma.gob.ar\/index.php?rest_route=\/wp\/v2\/posts\/1798\/revisions\/1802"}],"wp:featuredmedia":[{"embeddable":true,"href":"https:\/\/cultura.sma.gob.ar\/index.php?rest_route=\/wp\/v2\/media\/1801"}],"wp:attachment":[{"href":"https:\/\/cultura.sma.gob.ar\/index.php?rest_route=%2Fwp%2Fv2%2Fmedia&parent=1798"}],"wp:term":[{"taxonomy":"category","embeddable":true,"href":"https:\/\/cultura.sma.gob.ar\/index.php?rest_route=%2Fwp%2Fv2%2Fcategories&post=1798"},{"taxonomy":"post_tag","embeddable":true,"href":"https:\/\/cultura.sma.gob.ar\/index.php?rest_route=%2Fwp%2Fv2%2Ftags&post=1798"}],"curies":[{"name":"wp","href":"https:\/\/api.w.org\/{rel}","templated":true}]}}