{"id":1795,"date":"2021-06-30T09:54:54","date_gmt":"2021-06-30T12:54:54","guid":{"rendered":"http:\/\/cultura.sma.gob.ar\/?p=1795"},"modified":"2021-06-30T09:54:54","modified_gmt":"2021-06-30T12:54:54","slug":"visita-de-vasile-babusceac-a-la-orquesta-escuela-de-los-andes","status":"publish","type":"post","link":"https:\/\/cultura.sma.gob.ar\/?p=1795","title":{"rendered":"Visita de Vasile Babusceac a la Orquesta Escuela de los Andes"},"content":{"rendered":"\n<div class=\"wp-block-image\"><figure class=\"aligncenter size-large\"><img loading=\"lazy\" decoding=\"async\" width=\"397\" height=\"340\" src=\"http:\/\/cultura.sma.gob.ar\/wp-content\/uploads\/2021\/06\/Vasile-Orquesta-Escuela-de-los-Andes.jpg\" alt=\"\" class=\"wp-image-1796\" srcset=\"https:\/\/cultura.sma.gob.ar\/wp-content\/uploads\/2021\/06\/Vasile-Orquesta-Escuela-de-los-Andes.jpg 397w, https:\/\/cultura.sma.gob.ar\/wp-content\/uploads\/2021\/06\/Vasile-Orquesta-Escuela-de-los-Andes-300x257.jpg 300w, https:\/\/cultura.sma.gob.ar\/wp-content\/uploads\/2021\/06\/Vasile-Orquesta-Escuela-de-los-Andes-105x90.jpg 105w\" sizes=\"auto, (max-width: 397px) 100vw, 397px\" \/><\/figure><\/div>\n\n\n\n<p>Esta semana en nuestra querida Orquesta tendremos una actividad muy especial: nos visita el Mtro. Vasile Babusceac, solista de Tuba de la Orquesta Sinf\u00f3nica de Bah\u00eda Blanca, quien estar\u00e1 ofreciendo una capacitaci\u00f3n a los Instrumentistas de Eufonio y Vientos de Madera y Metal. <\/p>\n\n\n\n<p>Las mismas tendr\u00e1n lugar desde el Mi\u00e9rcoles 30 hasta el Viernes 1 entre las 15:00 y las 21:00 hs. en los espacios del CDI Pichi Ray\u00e9n. Tambi\u00e9n nos visita Nora Coppa, Luthier especialista en instrumentos de Viento, que estar\u00e1 trabajando con nosotros y con m\u00fasicos de nuestra ciudad.<br>Estas capacitaciones se dan en el marco del programa \u201cMusica en Bandada\u201d del Ministrerio de las Culturas de la Provincia del Neuquen, y cuentan con el apoyo de la Secretar\u00eda de Cultura de nuestra ciudad. <\/p>\n\n\n\n<p>Aprovechamos para agradecer a la Asociaci\u00f3n de Amigos y Familiares de la Orquesta Escuela de los Andes por el trabajo realizado para que este encuentro fuera posible. <\/p>\n\n\n\n<p>En estos tiempos dif\u00edciles seguimos so\u00f1ando y haciendo m\u00fasica, trabajando para el crecimiento y disfrute de los chicos y chicas de nuestra querida Orquesta Escuela de los Andes.<\/p>\n","protected":false},"excerpt":{"rendered":"<p>Capacitaciones para profesores y alumnos de la escuela municipal. <a href=\"https:\/\/cultura.sma.gob.ar\/?p=1795\" class=\"more-link\">Continue reading <span class=\"screen-reader-text\">Visita de Vasile Babusceac a la Orquesta Escuela de los Andes<\/span><\/a><\/p>\n","protected":false},"author":1,"featured_media":297,"comment_status":"closed","ping_status":"","sticky":false,"template":"","format":"image","meta":{"footnotes":""},"categories":[2],"tags":[],"class_list":["post-1795","post","type-post","status-publish","format-image","has-post-thumbnail","hentry","category-ciudad-cultural","post_format-post-format-image"],"_links":{"self":[{"href":"https:\/\/cultura.sma.gob.ar\/index.php?rest_route=\/wp\/v2\/posts\/1795","targetHints":{"allow":["GET"]}}],"collection":[{"href":"https:\/\/cultura.sma.gob.ar\/index.php?rest_route=\/wp\/v2\/posts"}],"about":[{"href":"https:\/\/cultura.sma.gob.ar\/index.php?rest_route=\/wp\/v2\/types\/post"}],"author":[{"embeddable":true,"href":"https:\/\/cultura.sma.gob.ar\/index.php?rest_route=\/wp\/v2\/users\/1"}],"replies":[{"embeddable":true,"href":"https:\/\/cultura.sma.gob.ar\/index.php?rest_route=%2Fwp%2Fv2%2Fcomments&post=1795"}],"version-history":[{"count":1,"href":"https:\/\/cultura.sma.gob.ar\/index.php?rest_route=\/wp\/v2\/posts\/1795\/revisions"}],"predecessor-version":[{"id":1797,"href":"https:\/\/cultura.sma.gob.ar\/index.php?rest_route=\/wp\/v2\/posts\/1795\/revisions\/1797"}],"wp:featuredmedia":[{"embeddable":true,"href":"https:\/\/cultura.sma.gob.ar\/index.php?rest_route=\/wp\/v2\/media\/297"}],"wp:attachment":[{"href":"https:\/\/cultura.sma.gob.ar\/index.php?rest_route=%2Fwp%2Fv2%2Fmedia&parent=1795"}],"wp:term":[{"taxonomy":"category","embeddable":true,"href":"https:\/\/cultura.sma.gob.ar\/index.php?rest_route=%2Fwp%2Fv2%2Fcategories&post=1795"},{"taxonomy":"post_tag","embeddable":true,"href":"https:\/\/cultura.sma.gob.ar\/index.php?rest_route=%2Fwp%2Fv2%2Ftags&post=1795"}],"curies":[{"name":"wp","href":"https:\/\/api.w.org\/{rel}","templated":true}]}}