{"id":1791,"date":"2021-06-28T08:29:36","date_gmt":"2021-06-28T11:29:36","guid":{"rendered":"http:\/\/cultura.sma.gob.ar\/?p=1791"},"modified":"2021-06-28T08:29:36","modified_gmt":"2021-06-28T11:29:36","slug":"obsidiana-quinteto-musica-en-vivo","status":"publish","type":"post","link":"https:\/\/cultura.sma.gob.ar\/?p=1791","title":{"rendered":"Obsidiana Quinteto: m\u00fasica en vivo"},"content":{"rendered":"\n<figure class=\"wp-block-image size-large\"><img loading=\"lazy\" decoding=\"async\" width=\"1017\" height=\"1024\" src=\"http:\/\/cultura.sma.gob.ar\/wp-content\/uploads\/2021\/06\/Obsidiana-Flyer-1017x1024.jpg\" alt=\"\" class=\"wp-image-1792\" srcset=\"https:\/\/cultura.sma.gob.ar\/wp-content\/uploads\/2021\/06\/Obsidiana-Flyer-1017x1024.jpg 1017w, https:\/\/cultura.sma.gob.ar\/wp-content\/uploads\/2021\/06\/Obsidiana-Flyer-298x300.jpg 298w, https:\/\/cultura.sma.gob.ar\/wp-content\/uploads\/2021\/06\/Obsidiana-Flyer-150x150.jpg 150w, https:\/\/cultura.sma.gob.ar\/wp-content\/uploads\/2021\/06\/Obsidiana-Flyer-768x773.jpg 768w, https:\/\/cultura.sma.gob.ar\/wp-content\/uploads\/2021\/06\/Obsidiana-Flyer-89x90.jpg 89w, https:\/\/cultura.sma.gob.ar\/wp-content\/uploads\/2021\/06\/Obsidiana-Flyer.jpg 1271w\" sizes=\"auto, (max-width: 1017px) 100vw, 1017px\" \/><\/figure>\n\n\n\n<p>El pr\u00f3ximo s\u00e1bado, 03 de julio a las 21hs, llega una nueva fecha del Ciclo Mu.Sa. en la Sala Amankay. En el regreso cuidado a la Sala, es el turno de \u201cObsidiana Quinteto\u201d.<\/p>\n\n\n\n<p><strong><em>Obsidiana quinteto<\/em><\/strong>&nbsp;nace en el a\u00f1o 2014 en San Mart\u00edn de los Andes, con influencias del jazz, m\u00fasica rioplatense, y ritmos del sur de Brasil.<br><br><strong><em>Obsidiana<\/em><\/strong>&nbsp;en sus composiciones originales destaca los matices marcados y los momentos de improvisaci\u00f3n libre, un enfoque contempor\u00e1neo y una mirada profunda al lenguaje r\u00edtmico.<br>Durante su corta trayectoria se destacan presentaciones en el Festival Internacional de Valdivia, en el Festival de Jazz de san Mart\u00edn de los Andes, la Fiesta Provincial del Jazz y en los teatros y auditorios de la localidad.<\/p>\n\n\n\n<p>Sus integrantes son:<br>Alejandro \u201cCach\u00fa\u201d Carrizo: Bater\u00eda<br>Milo Levang: Bajo<br>Hern\u00e1n Gonz\u00e1lez: Guitarra<br>Mateo Cordob\u00e9s: Saxo Alto<br>Nicol\u00e1s Vidal: Piano y Composici\u00f3n<\/p>\n\n\n\n<p>Entrada General $300.- En venta en la boleteria del Centro Cultural Cotesma.<\/p>\n","protected":false},"excerpt":{"rendered":"<p>S\u00e1bado 3 de julio a las 21hs en el Centro Cultural Cotesma. <a href=\"https:\/\/cultura.sma.gob.ar\/?p=1791\" class=\"more-link\">Continue reading <span class=\"screen-reader-text\">Obsidiana Quinteto: m\u00fasica en vivo<\/span><\/a><\/p>\n","protected":false},"author":1,"featured_media":297,"comment_status":"closed","ping_status":"","sticky":false,"template":"","format":"image","meta":{"footnotes":""},"categories":[2],"tags":[26],"class_list":["post-1791","post","type-post","status-publish","format-image","has-post-thumbnail","hentry","category-ciudad-cultural","tag-musica","post_format-post-format-image"],"_links":{"self":[{"href":"https:\/\/cultura.sma.gob.ar\/index.php?rest_route=\/wp\/v2\/posts\/1791","targetHints":{"allow":["GET"]}}],"collection":[{"href":"https:\/\/cultura.sma.gob.ar\/index.php?rest_route=\/wp\/v2\/posts"}],"about":[{"href":"https:\/\/cultura.sma.gob.ar\/index.php?rest_route=\/wp\/v2\/types\/post"}],"author":[{"embeddable":true,"href":"https:\/\/cultura.sma.gob.ar\/index.php?rest_route=\/wp\/v2\/users\/1"}],"replies":[{"embeddable":true,"href":"https:\/\/cultura.sma.gob.ar\/index.php?rest_route=%2Fwp%2Fv2%2Fcomments&post=1791"}],"version-history":[{"count":1,"href":"https:\/\/cultura.sma.gob.ar\/index.php?rest_route=\/wp\/v2\/posts\/1791\/revisions"}],"predecessor-version":[{"id":1793,"href":"https:\/\/cultura.sma.gob.ar\/index.php?rest_route=\/wp\/v2\/posts\/1791\/revisions\/1793"}],"wp:featuredmedia":[{"embeddable":true,"href":"https:\/\/cultura.sma.gob.ar\/index.php?rest_route=\/wp\/v2\/media\/297"}],"wp:attachment":[{"href":"https:\/\/cultura.sma.gob.ar\/index.php?rest_route=%2Fwp%2Fv2%2Fmedia&parent=1791"}],"wp:term":[{"taxonomy":"category","embeddable":true,"href":"https:\/\/cultura.sma.gob.ar\/index.php?rest_route=%2Fwp%2Fv2%2Fcategories&post=1791"},{"taxonomy":"post_tag","embeddable":true,"href":"https:\/\/cultura.sma.gob.ar\/index.php?rest_route=%2Fwp%2Fv2%2Ftags&post=1791"}],"curies":[{"name":"wp","href":"https:\/\/api.w.org\/{rel}","templated":true}]}}