{"id":1788,"date":"2021-06-28T08:27:06","date_gmt":"2021-06-28T11:27:06","guid":{"rendered":"http:\/\/cultura.sma.gob.ar\/?p=1788"},"modified":"2021-06-28T08:27:06","modified_gmt":"2021-06-28T11:27:06","slug":"impulsos-poesia-y-musica-en-vivo","status":"publish","type":"post","link":"https:\/\/cultura.sma.gob.ar\/?p=1788","title":{"rendered":"&#8220;Impulsos&#8221;: poes\u00eda y m\u00fasica en vivo"},"content":{"rendered":"\n<div class=\"wp-block-image\"><figure class=\"aligncenter size-large is-resized\"><img loading=\"lazy\" decoding=\"async\" src=\"http:\/\/cultura.sma.gob.ar\/wp-content\/uploads\/2021\/06\/flyer_impulsos-11-de-julio-576x1024.jpg\" alt=\"\" class=\"wp-image-1789\" width=\"601\" height=\"1068\" srcset=\"https:\/\/cultura.sma.gob.ar\/wp-content\/uploads\/2021\/06\/flyer_impulsos-11-de-julio-576x1024.jpg 576w, https:\/\/cultura.sma.gob.ar\/wp-content\/uploads\/2021\/06\/flyer_impulsos-11-de-julio-169x300.jpg 169w, https:\/\/cultura.sma.gob.ar\/wp-content\/uploads\/2021\/06\/flyer_impulsos-11-de-julio-768x1365.jpg 768w, https:\/\/cultura.sma.gob.ar\/wp-content\/uploads\/2021\/06\/flyer_impulsos-11-de-julio-864x1536.jpg 864w, https:\/\/cultura.sma.gob.ar\/wp-content\/uploads\/2021\/06\/flyer_impulsos-11-de-julio-51x90.jpg 51w, https:\/\/cultura.sma.gob.ar\/wp-content\/uploads\/2021\/06\/flyer_impulsos-11-de-julio.jpg 1080w\" sizes=\"auto, (max-width: 601px) 100vw, 601px\" \/><\/figure><\/div>\n\n\n\n<p>El pr\u00f3ximo domingo, 11 de julio a las 19:00hs en la Sala Amankay del Centro Cultural Cotesma, seguimos disfrutando las mejores presentaciones cuid\u00e1ndote con todos los protocolos sanitarios vigentes.<\/p>\n\n\n\n<p>La vuelta del p\u00fablico a la Sala, viene con el postergado e imperdible espect\u00e1culo \u201cIMPULSOS\u201d.<br><em>Impulsos<\/em>&nbsp;que nos conectan, saltos que nos encuentran. Las palabras, una red que nos sostiene.<br><em>Impulsos<\/em>&nbsp;que se vuelven m\u00fasica, trama. Un paso desde la superficie de lo profundo hasta la profundidad de lo simple.<br>Voces que despegan y tejen el cuerpo a la tierra del deseo.<br><br>M\u00fasica, poes\u00eda, expresi\u00f3n en movimiento.<\/p>\n\n\n\n<p>Int\u00e9rpretes: Leslie Braude, Nadia Cymeryng, Rafael Urretabizkaya y Santiago Loustaunau<\/p>\n\n\n\n<p>Entradas en venta en la boleteria del Centro Cultural. Anticipadas $300.- El mismo d\u00eda $350.<\/p>\n","protected":false},"excerpt":{"rendered":"<p>Domingo 11 de julio a las 19hs en el Centro Cultural Cotesma <a href=\"https:\/\/cultura.sma.gob.ar\/?p=1788\" class=\"more-link\">Continue reading <span class=\"screen-reader-text\">&#8220;Impulsos&#8221;: poes\u00eda y m\u00fasica en vivo<\/span><\/a><\/p>\n","protected":false},"author":1,"featured_media":297,"comment_status":"closed","ping_status":"","sticky":false,"template":"","format":"image","meta":{"footnotes":""},"categories":[2],"tags":[50,26,49],"class_list":["post-1788","post","type-post","status-publish","format-image","has-post-thumbnail","hentry","category-ciudad-cultural","tag-espectaculo","tag-musica","tag-poesia","post_format-post-format-image"],"_links":{"self":[{"href":"https:\/\/cultura.sma.gob.ar\/index.php?rest_route=\/wp\/v2\/posts\/1788","targetHints":{"allow":["GET"]}}],"collection":[{"href":"https:\/\/cultura.sma.gob.ar\/index.php?rest_route=\/wp\/v2\/posts"}],"about":[{"href":"https:\/\/cultura.sma.gob.ar\/index.php?rest_route=\/wp\/v2\/types\/post"}],"author":[{"embeddable":true,"href":"https:\/\/cultura.sma.gob.ar\/index.php?rest_route=\/wp\/v2\/users\/1"}],"replies":[{"embeddable":true,"href":"https:\/\/cultura.sma.gob.ar\/index.php?rest_route=%2Fwp%2Fv2%2Fcomments&post=1788"}],"version-history":[{"count":1,"href":"https:\/\/cultura.sma.gob.ar\/index.php?rest_route=\/wp\/v2\/posts\/1788\/revisions"}],"predecessor-version":[{"id":1790,"href":"https:\/\/cultura.sma.gob.ar\/index.php?rest_route=\/wp\/v2\/posts\/1788\/revisions\/1790"}],"wp:featuredmedia":[{"embeddable":true,"href":"https:\/\/cultura.sma.gob.ar\/index.php?rest_route=\/wp\/v2\/media\/297"}],"wp:attachment":[{"href":"https:\/\/cultura.sma.gob.ar\/index.php?rest_route=%2Fwp%2Fv2%2Fmedia&parent=1788"}],"wp:term":[{"taxonomy":"category","embeddable":true,"href":"https:\/\/cultura.sma.gob.ar\/index.php?rest_route=%2Fwp%2Fv2%2Fcategories&post=1788"},{"taxonomy":"post_tag","embeddable":true,"href":"https:\/\/cultura.sma.gob.ar\/index.php?rest_route=%2Fwp%2Fv2%2Ftags&post=1788"}],"curies":[{"name":"wp","href":"https:\/\/api.w.org\/{rel}","templated":true}]}}