{"id":1779,"date":"2021-06-24T09:55:11","date_gmt":"2021-06-24T12:55:11","guid":{"rendered":"http:\/\/cultura.sma.gob.ar\/?p=1779"},"modified":"2021-06-24T09:56:37","modified_gmt":"2021-06-24T12:56:37","slug":"1779","status":"publish","type":"post","link":"https:\/\/cultura.sma.gob.ar\/?p=1779","title":{"rendered":"Teatro infantil y danza contemporanea: nuevos espect\u00e1culos en el Centro Cultural Cotesma"},"content":{"rendered":"\n<figure class=\"wp-block-gallery columns-2 is-cropped wp-block-gallery-1 is-layout-flex wp-block-gallery-is-layout-flex\"><ul class=\"blocks-gallery-grid\"><li class=\"blocks-gallery-item\"><figure><img loading=\"lazy\" decoding=\"async\" width=\"530\" height=\"750\" src=\"http:\/\/cultura.sma.gob.ar\/wp-content\/uploads\/2021\/06\/Flyer-con-horarios-JPEG.jpg\" alt=\"\" data-id=\"1780\" class=\"wp-image-1780\" srcset=\"https:\/\/cultura.sma.gob.ar\/wp-content\/uploads\/2021\/06\/Flyer-con-horarios-JPEG.jpg 530w, https:\/\/cultura.sma.gob.ar\/wp-content\/uploads\/2021\/06\/Flyer-con-horarios-JPEG-212x300.jpg 212w, https:\/\/cultura.sma.gob.ar\/wp-content\/uploads\/2021\/06\/Flyer-con-horarios-JPEG-64x90.jpg 64w\" sizes=\"auto, (max-width: 530px) 100vw, 530px\" \/><\/figure><\/li><li class=\"blocks-gallery-item\"><figure><img loading=\"lazy\" decoding=\"async\" width=\"730\" height=\"1024\" src=\"http:\/\/cultura.sma.gob.ar\/wp-content\/uploads\/2021\/06\/Flyer-MINKA-27-06-1-730x1024.jpg\" alt=\"\" data-id=\"1782\" data-full-url=\"http:\/\/cultura.sma.gob.ar\/wp-content\/uploads\/2021\/06\/Flyer-MINKA-27-06-1.jpg\" data-link=\"http:\/\/cultura.sma.gob.ar\/?attachment_id=1782\" class=\"wp-image-1782\" srcset=\"https:\/\/cultura.sma.gob.ar\/wp-content\/uploads\/2021\/06\/Flyer-MINKA-27-06-1-730x1024.jpg 730w, https:\/\/cultura.sma.gob.ar\/wp-content\/uploads\/2021\/06\/Flyer-MINKA-27-06-1-214x300.jpg 214w, https:\/\/cultura.sma.gob.ar\/wp-content\/uploads\/2021\/06\/Flyer-MINKA-27-06-1-768x1078.jpg 768w, https:\/\/cultura.sma.gob.ar\/wp-content\/uploads\/2021\/06\/Flyer-MINKA-27-06-1-64x90.jpg 64w, https:\/\/cultura.sma.gob.ar\/wp-content\/uploads\/2021\/06\/Flyer-MINKA-27-06-1.jpg 912w\" sizes=\"auto, (max-width: 730px) 100vw, 730px\" \/><\/figure><\/li><\/ul><\/figure>\n\n\n\n<p>Con la buena nueva de la vuelta del p\u00fablico a las Salas y con la gran&nbsp;predisposici\u00f3n de nuestros artistas, ya estamos anunciando los dos primeros espect\u00e1culos que disfrutaremos en nuestra hermosa Sala Amankay.<\/p>\n\n\n\n<p>Este domingo, 27 de junio a las 18hs, vuelve la magia del espect\u00e1culo de variet\u00e9. La Cooperativa de ARTE MINKA, presenta &#8220;SE SUSPENDE LA TORMENTA PORQUE EMPIEZA LA FUNCI\u00d3N&#8221;, un hermoso y divertido espect\u00e1culo, con nuevos y maravillosos n\u00fameros para disfrutar en familia;<\/p>\n\n\n\n<p>Y el viernes 02 de julio, comenzamos el s\u00e9ptimo mes del a\u00f1o con otra gran propuesta. El Grupo TEENS de la Compa\u00f1\u00eda Paradise Ballet (Responsable del gran Tributo a Cerati que compartimos semanas atr\u00e1s) llega con &#8220;QUIEN SOY YO?&#8221;, una imperdible propuesta que busca interpelarnos en la manera que nos comunicamos y compartimos nuestra vida.<\/p>\n\n\n\n<p>Las entradas est\u00e1n a la venta en la Boleteria del Centro Cultural de 16hs a 19:30hs. Ambos espect\u00e1culos son con cupo limitado (30% de la Sala) y son con entradas numeradas para garantizar las burbujas. Adem\u00e1s recuerden que sacarlas de manera anticipada tiene descuento&#8230;<\/p>\n","protected":false},"excerpt":{"rendered":"<p>Nuevas funciones en el teatro del Centro Cultural Cotesma <a href=\"https:\/\/cultura.sma.gob.ar\/?p=1779\" class=\"more-link\">Continue reading <span class=\"screen-reader-text\">Teatro infantil y danza contemporanea: nuevos espect\u00e1culos en el Centro Cultural Cotesma<\/span><\/a><\/p>\n","protected":false},"author":1,"featured_media":297,"comment_status":"closed","ping_status":"closed","sticky":false,"template":"","format":"image","meta":{"footnotes":""},"categories":[2],"tags":[47,48,46],"class_list":["post-1779","post","type-post","status-publish","format-image","has-post-thumbnail","hentry","category-ciudad-cultural","tag-ballet","tag-infantil","tag-teatro","post_format-post-format-image"],"_links":{"self":[{"href":"https:\/\/cultura.sma.gob.ar\/index.php?rest_route=\/wp\/v2\/posts\/1779","targetHints":{"allow":["GET"]}}],"collection":[{"href":"https:\/\/cultura.sma.gob.ar\/index.php?rest_route=\/wp\/v2\/posts"}],"about":[{"href":"https:\/\/cultura.sma.gob.ar\/index.php?rest_route=\/wp\/v2\/types\/post"}],"author":[{"embeddable":true,"href":"https:\/\/cultura.sma.gob.ar\/index.php?rest_route=\/wp\/v2\/users\/1"}],"replies":[{"embeddable":true,"href":"https:\/\/cultura.sma.gob.ar\/index.php?rest_route=%2Fwp%2Fv2%2Fcomments&post=1779"}],"version-history":[{"count":2,"href":"https:\/\/cultura.sma.gob.ar\/index.php?rest_route=\/wp\/v2\/posts\/1779\/revisions"}],"predecessor-version":[{"id":1784,"href":"https:\/\/cultura.sma.gob.ar\/index.php?rest_route=\/wp\/v2\/posts\/1779\/revisions\/1784"}],"wp:featuredmedia":[{"embeddable":true,"href":"https:\/\/cultura.sma.gob.ar\/index.php?rest_route=\/wp\/v2\/media\/297"}],"wp:attachment":[{"href":"https:\/\/cultura.sma.gob.ar\/index.php?rest_route=%2Fwp%2Fv2%2Fmedia&parent=1779"}],"wp:term":[{"taxonomy":"category","embeddable":true,"href":"https:\/\/cultura.sma.gob.ar\/index.php?rest_route=%2Fwp%2Fv2%2Fcategories&post=1779"},{"taxonomy":"post_tag","embeddable":true,"href":"https:\/\/cultura.sma.gob.ar\/index.php?rest_route=%2Fwp%2Fv2%2Ftags&post=1779"}],"curies":[{"name":"wp","href":"https:\/\/api.w.org\/{rel}","templated":true}]}}