{"id":1756,"date":"2021-06-10T09:53:49","date_gmt":"2021-06-10T12:53:49","guid":{"rendered":"http:\/\/cultura.sma.gob.ar\/?p=1756"},"modified":"2021-07-23T09:14:33","modified_gmt":"2021-07-23T12:14:33","slug":"programas-provinciales-de-acompanamiento-al-sector-cultura","status":"publish","type":"post","link":"https:\/\/cultura.sma.gob.ar\/?p=1756","title":{"rendered":"Programas provinciales de acompa\u00f1amiento al sector cultura"},"content":{"rendered":"\n<p>El Ministerio de las Culturas de la Provincia del Neuqu\u00e9n anunci\u00f3 nuevos programas de acompa\u00f1amiento al sector cultural, avocados a diferentes proyectos e instancias de producci\u00f3n.<\/p>\n\n\n\n<p><strong>Linea de financiamiento \u201ccovid II\u201d: <\/strong>destinado al sector hoteleria, gimnasios, natatorios, teatros y agencias de viaje, para contribuir al sostenimiento del nivel de empleo y al pago de costos fijos.<\/p>\n\n\n\n<p><strong>III Tramo de cr\u00e9ditos para las industrias culturales<\/strong>: lineas de cr\u00e9ditos de hasta $300.000 con tasa fija para financiar inversiones de emprendimientos culturales.<\/p>\n\n\n\n<div class=\"wp-block-image\"><figure class=\"aligncenter size-large\"><img decoding=\"async\" src=\"http:\/\/cultura.sma.gob.ar\/wp-content\/uploads\/2021\/06\/WhatsApp-Image-2021-05-28-at-15.52.38-e1623329554280.jpeg\" alt=\"\" class=\"wp-image-1760\"\/><\/figure><\/div>\n\n\n\n<p><strong>Programa Rescate por el Arte<\/strong>: ciclo de capacitaciones virtuales art\u00edsticas, t\u00e9cnicas y culturales. Inscripciones abiertas para capacitadores hasta el 13 de junio.<\/p>\n\n\n\n<p><strong>II tramo del programa Mantener Proyectos: <\/strong>apoyo a emprendimientos, proyectos y espacios culturales, para cubrir gastos corrientes y honorarios. Convocatoria abierta hasta el 15 de junio.<\/p>\n\n\n\n<div class=\"wp-block-image\"><figure class=\"aligncenter size-large is-resized\"><img loading=\"lazy\" decoding=\"async\" src=\"http:\/\/cultura.sma.gob.ar\/wp-content\/uploads\/2021\/06\/MANTENER-PROYECTOS-SQ-1.jpeg\" alt=\"\" class=\"wp-image-1758\" width=\"580\" height=\"580\"\/><\/figure><\/div>\n\n\n\n<p><strong>Quienes necesiten informaci\u00f3n complementaria o avales municipales, pueden contactarse con la Secretar\u00eda de Cultura v\u00eda mail a <\/strong><a href=\"mailto:cultura@smandes.gov.ar\"><strong>cultura@smandes.gov.ar<\/strong><\/a>. M\u00e1s informaci\u00f3n en www.culturaprovincia.neuquen.gob.ar <\/p>\n","protected":false},"excerpt":{"rendered":"<p>Quienes necesiten informaci\u00f3n complementaria o avales municipales, pueden contactarse con la Secretar\u00eda de Cultura. <a href=\"https:\/\/cultura.sma.gob.ar\/?p=1756\" class=\"more-link\">Continue reading <span class=\"screen-reader-text\">Programas provinciales de acompa\u00f1amiento al sector cultura<\/span><\/a><\/p>\n","protected":false},"author":1,"featured_media":296,"comment_status":"closed","ping_status":"","sticky":false,"template":"","format":"image","meta":{"footnotes":""},"categories":[9],"tags":[43,42,44],"class_list":["post-1756","post","type-post","status-publish","format-image","has-post-thumbnail","hentry","category-ultimas-noticias","tag-cultura","tag-neuquen","tag-provincia","post_format-post-format-image"],"_links":{"self":[{"href":"https:\/\/cultura.sma.gob.ar\/index.php?rest_route=\/wp\/v2\/posts\/1756","targetHints":{"allow":["GET"]}}],"collection":[{"href":"https:\/\/cultura.sma.gob.ar\/index.php?rest_route=\/wp\/v2\/posts"}],"about":[{"href":"https:\/\/cultura.sma.gob.ar\/index.php?rest_route=\/wp\/v2\/types\/post"}],"author":[{"embeddable":true,"href":"https:\/\/cultura.sma.gob.ar\/index.php?rest_route=\/wp\/v2\/users\/1"}],"replies":[{"embeddable":true,"href":"https:\/\/cultura.sma.gob.ar\/index.php?rest_route=%2Fwp%2Fv2%2Fcomments&post=1756"}],"version-history":[{"count":2,"href":"https:\/\/cultura.sma.gob.ar\/index.php?rest_route=\/wp\/v2\/posts\/1756\/revisions"}],"predecessor-version":[{"id":1763,"href":"https:\/\/cultura.sma.gob.ar\/index.php?rest_route=\/wp\/v2\/posts\/1756\/revisions\/1763"}],"wp:featuredmedia":[{"embeddable":true,"href":"https:\/\/cultura.sma.gob.ar\/index.php?rest_route=\/wp\/v2\/media\/296"}],"wp:attachment":[{"href":"https:\/\/cultura.sma.gob.ar\/index.php?rest_route=%2Fwp%2Fv2%2Fmedia&parent=1756"}],"wp:term":[{"taxonomy":"category","embeddable":true,"href":"https:\/\/cultura.sma.gob.ar\/index.php?rest_route=%2Fwp%2Fv2%2Fcategories&post=1756"},{"taxonomy":"post_tag","embeddable":true,"href":"https:\/\/cultura.sma.gob.ar\/index.php?rest_route=%2Fwp%2Fv2%2Ftags&post=1756"}],"curies":[{"name":"wp","href":"https:\/\/api.w.org\/{rel}","templated":true}]}}