{"id":1746,"date":"2021-06-10T09:34:17","date_gmt":"2021-06-10T12:34:17","guid":{"rendered":"http:\/\/cultura.sma.gob.ar\/?p=1746"},"modified":"2021-06-15T09:20:03","modified_gmt":"2021-06-15T12:20:03","slug":"nuevo-tutorial-virtual-de-manualidades-y-reciclado-para-ninos-y-ninas","status":"publish","type":"post","link":"https:\/\/cultura.sma.gob.ar\/?p=1746","title":{"rendered":"Nuevo tutorial virtual de \u201cManualidades y Reciclado\u201d para ni\u00f1os y ni\u00f1as"},"content":{"rendered":"\n<p>El pasado <strong>viernes 11 de junio a las 17 hs,<\/strong> se estren\u00f3 en el <a href=\"https:\/\/youtu.be\/a8sCjb9HQEc\" data-type=\"URL\" data-id=\"https:\/\/youtu.be\/a8sCjb9HQEc\"><strong>canal de YouTube de la Secretar\u00eda de Cultura<\/strong> <\/a>el primer cap\u00edtulo de la serie art\u00edstica \u201cManualidades y reciclado\u201d, realizada por Marcela Ybarra y destinada a ni\u00f1os y ni\u00f1as.\u00a0<\/p>\n\n\n\n<p>En los tutoriales Marcela nos ense\u00f1a a hacer juegos de mesa, como baleros y ta-te-t\u00eds, juegos de equilibrio y otras artesan\u00edas que pod\u00e9s realizar con materiales que ten\u00e9s en tu casa.<\/p>\n\n\n\n<p>La serie est\u00e1 formada por cuatro episodios y cada uno se estrenar\u00e1 los d\u00edas mi\u00e9rcoles y viernes a las 17 hs. Al terminar esta serie, se estrenar\u00e1 el tutorial de \u201cManualidades y reciclado\u201d para j\u00f3venes y adultos.<\/p>\n\n\n\n<figure class=\"wp-block-image size-large\"><img loading=\"lazy\" decoding=\"async\" width=\"800\" height=\"534\" src=\"http:\/\/cultura.sma.gob.ar\/wp-content\/uploads\/2021\/06\/IMG-20210603-WA0084.jpg\" alt=\"\" class=\"wp-image-1749\" srcset=\"https:\/\/cultura.sma.gob.ar\/wp-content\/uploads\/2021\/06\/IMG-20210603-WA0084.jpg 800w, https:\/\/cultura.sma.gob.ar\/wp-content\/uploads\/2021\/06\/IMG-20210603-WA0084-300x200.jpg 300w, https:\/\/cultura.sma.gob.ar\/wp-content\/uploads\/2021\/06\/IMG-20210603-WA0084-768x513.jpg 768w, https:\/\/cultura.sma.gob.ar\/wp-content\/uploads\/2021\/06\/IMG-20210603-WA0084-135x90.jpg 135w\" sizes=\"auto, (max-width: 800px) 100vw, 800px\" \/><\/figure>\n\n\n\n<p>La actividad forma parte de las propuestas de Estaciones Culturales de la Secretar\u00eda de Cultura y se adapt\u00f3 al formato virtual para seguir acompa\u00f1ando a la comunidad durante este per\u00edodo de restricciones sanitarias.<\/p>\n\n\n\n<p>Si quer\u00e9s saber m\u00e1s sobre las actividades del programa de Estaciones Culturales pod\u00e9s ingresar www.cultura.sma.gob.ar o escribir a <a href=\"mailto:talleres.cultura@smandes.gov.ar\">talleres.cultura@smandes.gov.ar<\/a><\/p>\n","protected":false},"excerpt":{"rendered":"<p>Desde el viernes 11, a las 17hs por YouTube <a href=\"https:\/\/cultura.sma.gob.ar\/?p=1746\" class=\"more-link\">Continue reading <span class=\"screen-reader-text\">Nuevo tutorial virtual de \u201cManualidades y Reciclado\u201d para ni\u00f1os y ni\u00f1as<\/span><\/a><\/p>\n","protected":false},"author":1,"featured_media":1747,"comment_status":"closed","ping_status":"","sticky":false,"template":"","format":"image","meta":{"footnotes":""},"categories":[7],"tags":[36,35],"class_list":["post-1746","post","type-post","status-publish","format-image","has-post-thumbnail","hentry","category-talleres-cultura","tag-virtual","tag-youtube","post_format-post-format-image"],"_links":{"self":[{"href":"https:\/\/cultura.sma.gob.ar\/index.php?rest_route=\/wp\/v2\/posts\/1746","targetHints":{"allow":["GET"]}}],"collection":[{"href":"https:\/\/cultura.sma.gob.ar\/index.php?rest_route=\/wp\/v2\/posts"}],"about":[{"href":"https:\/\/cultura.sma.gob.ar\/index.php?rest_route=\/wp\/v2\/types\/post"}],"author":[{"embeddable":true,"href":"https:\/\/cultura.sma.gob.ar\/index.php?rest_route=\/wp\/v2\/users\/1"}],"replies":[{"embeddable":true,"href":"https:\/\/cultura.sma.gob.ar\/index.php?rest_route=%2Fwp%2Fv2%2Fcomments&post=1746"}],"version-history":[{"count":5,"href":"https:\/\/cultura.sma.gob.ar\/index.php?rest_route=\/wp\/v2\/posts\/1746\/revisions"}],"predecessor-version":[{"id":1772,"href":"https:\/\/cultura.sma.gob.ar\/index.php?rest_route=\/wp\/v2\/posts\/1746\/revisions\/1772"}],"wp:featuredmedia":[{"embeddable":true,"href":"https:\/\/cultura.sma.gob.ar\/index.php?rest_route=\/wp\/v2\/media\/1747"}],"wp:attachment":[{"href":"https:\/\/cultura.sma.gob.ar\/index.php?rest_route=%2Fwp%2Fv2%2Fmedia&parent=1746"}],"wp:term":[{"taxonomy":"category","embeddable":true,"href":"https:\/\/cultura.sma.gob.ar\/index.php?rest_route=%2Fwp%2Fv2%2Fcategories&post=1746"},{"taxonomy":"post_tag","embeddable":true,"href":"https:\/\/cultura.sma.gob.ar\/index.php?rest_route=%2Fwp%2Fv2%2Ftags&post=1746"}],"curies":[{"name":"wp","href":"https:\/\/api.w.org\/{rel}","templated":true}]}}