{"id":1743,"date":"2021-06-10T09:27:48","date_gmt":"2021-06-10T12:27:48","guid":{"rendered":"http:\/\/cultura.sma.gob.ar\/?p=1743"},"modified":"2021-08-02T09:14:08","modified_gmt":"2021-08-02T12:14:08","slug":"taller-de-interpretes-conscientes-2","status":"publish","type":"post","link":"https:\/\/cultura.sma.gob.ar\/?p=1743","title":{"rendered":"Taller de int\u00e9rpretes conscientes"},"content":{"rendered":"\n<figure class=\"wp-block-image size-large\"><img loading=\"lazy\" decoding=\"async\" width=\"724\" height=\"1024\" src=\"http:\/\/cultura.sma.gob.ar\/wp-content\/uploads\/2021\/06\/Flyer-Inte\u0301rpretes-Consciente-724x1024.png\" alt=\"\" class=\"wp-image-1744\" srcset=\"https:\/\/cultura.sma.gob.ar\/wp-content\/uploads\/2021\/06\/Flyer-Inte\u0301rpretes-Consciente-724x1024.png 724w, https:\/\/cultura.sma.gob.ar\/wp-content\/uploads\/2021\/06\/Flyer-Inte\u0301rpretes-Consciente-212x300.png 212w, https:\/\/cultura.sma.gob.ar\/wp-content\/uploads\/2021\/06\/Flyer-Inte\u0301rpretes-Consciente-768x1086.png 768w, https:\/\/cultura.sma.gob.ar\/wp-content\/uploads\/2021\/06\/Flyer-Inte\u0301rpretes-Consciente-1086x1536.png 1086w, https:\/\/cultura.sma.gob.ar\/wp-content\/uploads\/2021\/06\/Flyer-Inte\u0301rpretes-Consciente-64x90.png 64w, https:\/\/cultura.sma.gob.ar\/wp-content\/uploads\/2021\/06\/Flyer-Inte\u0301rpretes-Consciente.png 1414w\" sizes=\"auto, (max-width: 724px) 100vw, 724px\" \/><\/figure>\n\n\n\n<p>TALLER DE INT\u00c9RPRETES CONSCIENTES<\/p>\n\n\n\n<p>Actividad presencial \/ virtual<\/p>\n\n\n\n<p>Encuentros semanales de dos horas<\/p>\n\n\n\n<p>Duraci\u00f3n: 5 meses<\/p>\n\n\n\n<p>Fecha de inicio: agosto<\/p>\n\n\n\n<p>Capacidad m\u00e1x.: 10 personas<\/p>\n\n\n\n<p>Este taller est\u00e1 destinado a cualquier persona que quiera descubrir y reconocer su lenguaje art\u00edstico a trav\u00e9s de la voz, el movimiento y la actuaci\u00f3n.&nbsp;<\/p>\n\n\n\n<p>La voz es la expresi\u00f3n del alma, un reflejo de tu historia y de tus emociones. A trav\u00e9s de herramientas transformadoras, voy a acompa\u00f1arte en el camino para que puedas afilar tu consciencia perform\u00e1tica, potenciar tu presencia esc\u00e9nica y dejarte atravesar por tu propia sonoridad.&nbsp;<\/p>\n\n\n\n<p>Este&nbsp; taller propone un espacio de autoconocimiento para que descubras qu\u00e9 te pasa cuando cant\u00e1s y actu\u00e1s, c\u00f3mo interpretar la letra de una canci\u00f3n y c\u00f3mo darle tu propio sentido a la expresi\u00f3n musical.&nbsp;<\/p>\n\n\n\n<p>Las clases van a tener un espacio de trabajo individual y otro grupal. Cada mes vas a trabajar sobre una canci\u00f3n que elijas, creando la escena que completa el cuadro musical y haciendo el foco en profundizar la interpretaci\u00f3n perfom\u00e1tica de lo que la letra cuenta. As\u00ed, al finalizar el taller, te vas a llevar un repertorio de cinco canciones.<br><br>En el taller vas a explorar dos \u00e1reas que comprenden a la comedia musical: el teatro y el canto. A trav\u00e9s del juego y fusionando ejercicios teatrales y musicales, vas a trabajar la creaci\u00f3n de historias, composici\u00f3n de personajes, improvisaci\u00f3n y expresi\u00f3n. La propuesta es generar un ambiente creativo, de aprendizaje y de disfrute.<\/p>\n\n\n\n<p>En este taller te invito a explorar tu propia identidad como artista. A partir del trabajo con herramientas teatrales, vamos a sumergirnos en las profundidades de la interpretaci\u00f3n para que puedas darle luz, dentro de todas tus identidades, a tu identidad como int\u00e9rprete.<\/p>\n","protected":false},"excerpt":{"rendered":"<p>TALLER DE INT\u00c9RPRETES CONSCIENTES Actividad presencial \/ virtual Encuentros semanales de dos horas Duraci\u00f3n: 5 meses Fecha de inicio: agosto Capacidad m\u00e1x.: 10 personas Este taller est\u00e1 destinado a cualquier persona que quiera descubrir y reconocer su lenguaje art\u00edstico a trav\u00e9s de la voz, el movimiento y la actuaci\u00f3n.&nbsp; La voz es la expresi\u00f3n del alma, un reflejo de tu historia y de tus emociones. &hellip; <a href=\"https:\/\/cultura.sma.gob.ar\/?p=1743\" class=\"more-link\">Continue reading <span class=\"screen-reader-text\">Taller de int\u00e9rpretes conscientes<\/span><\/a><\/p>\n","protected":false},"author":1,"featured_media":297,"comment_status":"closed","ping_status":"","sticky":false,"template":"","format":"image","meta":{"footnotes":""},"categories":[2],"tags":[],"class_list":["post-1743","post","type-post","status-publish","format-image","has-post-thumbnail","hentry","category-ciudad-cultural","post_format-post-format-image"],"_links":{"self":[{"href":"https:\/\/cultura.sma.gob.ar\/index.php?rest_route=\/wp\/v2\/posts\/1743","targetHints":{"allow":["GET"]}}],"collection":[{"href":"https:\/\/cultura.sma.gob.ar\/index.php?rest_route=\/wp\/v2\/posts"}],"about":[{"href":"https:\/\/cultura.sma.gob.ar\/index.php?rest_route=\/wp\/v2\/types\/post"}],"author":[{"embeddable":true,"href":"https:\/\/cultura.sma.gob.ar\/index.php?rest_route=\/wp\/v2\/users\/1"}],"replies":[{"embeddable":true,"href":"https:\/\/cultura.sma.gob.ar\/index.php?rest_route=%2Fwp%2Fv2%2Fcomments&post=1743"}],"version-history":[{"count":2,"href":"https:\/\/cultura.sma.gob.ar\/index.php?rest_route=\/wp\/v2\/posts\/1743\/revisions"}],"predecessor-version":[{"id":1956,"href":"https:\/\/cultura.sma.gob.ar\/index.php?rest_route=\/wp\/v2\/posts\/1743\/revisions\/1956"}],"wp:featuredmedia":[{"embeddable":true,"href":"https:\/\/cultura.sma.gob.ar\/index.php?rest_route=\/wp\/v2\/media\/297"}],"wp:attachment":[{"href":"https:\/\/cultura.sma.gob.ar\/index.php?rest_route=%2Fwp%2Fv2%2Fmedia&parent=1743"}],"wp:term":[{"taxonomy":"category","embeddable":true,"href":"https:\/\/cultura.sma.gob.ar\/index.php?rest_route=%2Fwp%2Fv2%2Fcategories&post=1743"},{"taxonomy":"post_tag","embeddable":true,"href":"https:\/\/cultura.sma.gob.ar\/index.php?rest_route=%2Fwp%2Fv2%2Ftags&post=1743"}],"curies":[{"name":"wp","href":"https:\/\/api.w.org\/{rel}","templated":true}]}}