{"id":1733,"date":"2021-06-02T10:34:46","date_gmt":"2021-06-02T13:34:46","guid":{"rendered":"http:\/\/cultura.sma.gob.ar\/?p=1733"},"modified":"2021-06-02T10:34:46","modified_gmt":"2021-06-02T13:34:46","slug":"1o-festival-momusi-federal-nueva-fecha","status":"publish","type":"post","link":"https:\/\/cultura.sma.gob.ar\/?p=1733","title":{"rendered":"1\u00ba Festival Momusi Federal &#8211; nueva fecha"},"content":{"rendered":"\n<figure class=\"wp-block-image size-large\"><img decoding=\"async\" src=\"http:\/\/cultura.sma.gob.ar\/wp-content\/uploads\/2021\/06\/IMG-20210602-WA0021.jpg\" alt=\"\" class=\"wp-image-1738\"\/><\/figure>\n\n\n\n<p><strong>1er Festival MOMUSI Federal&nbsp;<\/strong><\/p>\n\n\n\n<p><strong>MOMUSI, movimiento de M\u00fasica para ni\u00f1os y ni\u00f1as<\/strong>, presenta el \u201c<strong>1er Festival Momusi Federal\u201d<\/strong>, a realizarse todos los domingos, <strong>desde el 18 de abril al 13 de junio de 2021, a las 18 hs.<\/strong>&nbsp; La programaci\u00f3n de este festival re\u00fane 31 ARTISTAS, solistas y grupos musicales,&nbsp;de todo el pa\u00eds, dedicados a las infancias. Ser\u00e1n nueve transmisiones v\u00eda streaming que se emitir\u00e1n por YouTube y redes sociales con acceso libre y gratuito. En cada fecha se presentan diferentes artistas habr\u00e1 juegos, canciones y sorpresas para toda la familia.&nbsp;<\/p>\n\n\n\n<p>Este domingo 6 de Junio se presentar\u00e1n artistas de la patagonia <strong>Carito Caro\u00e9<\/strong> , pasando por el \u00e1rea metropolitana de Buenos Aires <strong>La Banda de las Corbatas <\/strong>&nbsp;y <strong>Garba<\/strong> desde C\u00f3rdoba<\/p>\n\n\n\n<p><em>El 1er Festival Momusi Federal fue seleccionado y cuenta con el apoyo del Ministerio de Cultura de la Naci\u00f3n mediante el programa \u201cFestivales Argentinos\u201d.&nbsp;<\/em><\/p>\n\n\n\n<p><strong>Cu\u00e1ndo: del domingo 18 de abril al domingo 13 de junio<\/strong><\/p>\n\n\n\n<p><strong>Hora de los shows: domingos 18 hs<\/strong><\/p>\n\n\n\n<p><strong>Domingo 6 de Junio a las 18 hs se presentan:&nbsp;<\/strong><\/p>\n\n\n\n<p>Carito Caro\u00e9, La Banda de las Corbatas y Garba.<\/p>\n\n\n\n<p><strong>Entrada:<\/strong> libre y gratuita<\/p>\n\n\n\n<p><strong>Disfruta de los shows y de muchas sorpresas en:&nbsp;<\/strong><\/p>\n\n\n\n<p><strong>YouTube: <\/strong>Momusi<\/p>\n\n\n\n<p>\u200b<strong>Por Facebook: <\/strong>\/momusiargentina<\/p>\n\n\n\n<p><strong>Por IG: <\/strong>momusiargentina<\/p>\n\n\n\n<p><strong>Segu\u00ed al Momusi en las Redes:&nbsp;<\/strong><\/p>\n\n\n\n<p><a href=\"https:\/\/momusi.org\">https:\/www.momusi.org<\/a><\/p>\n\n\n\n<p><a href=\"mailto:info@momusi.org\">info@momusi.org<\/a><\/p>\n\n\n\n<p><strong>Sobre El Festival<\/strong><\/p>\n\n\n\n<p><strong>1er Festival MOMUSI Federal<\/strong> compartir\u00e1 propuestas art\u00edsticas musicales de calidad, destinadas a las ni\u00f1as, los ni\u00f1os y sus familias, mostrando la diversidad de estilos, timbres, paisajes y tem\u00e1ticas variadas de distintas regiones de nuestro pa\u00eds. Con una cuidada puesta en escena y pensando en fortalecer el intercambio les acercamos un festival donde los invitamos a ser parte y no solo espectadores.&nbsp;<\/p>\n\n\n\n<figure class=\"wp-block-gallery columns-2 is-cropped wp-block-gallery-1 is-layout-flex wp-block-gallery-is-layout-flex\"><ul class=\"blocks-gallery-grid\"><li class=\"blocks-gallery-item\"><figure><img loading=\"lazy\" decoding=\"async\" width=\"960\" height=\"960\" src=\"http:\/\/cultura.sma.gob.ar\/wp-content\/uploads\/2021\/06\/IMG-20210602-WA0020.jpg\" alt=\"\" data-id=\"1736\" data-full-url=\"http:\/\/cultura.sma.gob.ar\/wp-content\/uploads\/2021\/06\/IMG-20210602-WA0020.jpg\" data-link=\"http:\/\/cultura.sma.gob.ar\/?attachment_id=1736\" class=\"wp-image-1736\" srcset=\"https:\/\/cultura.sma.gob.ar\/wp-content\/uploads\/2021\/06\/IMG-20210602-WA0020.jpg 960w, https:\/\/cultura.sma.gob.ar\/wp-content\/uploads\/2021\/06\/IMG-20210602-WA0020-300x300.jpg 300w, https:\/\/cultura.sma.gob.ar\/wp-content\/uploads\/2021\/06\/IMG-20210602-WA0020-150x150.jpg 150w, https:\/\/cultura.sma.gob.ar\/wp-content\/uploads\/2021\/06\/IMG-20210602-WA0020-768x768.jpg 768w, https:\/\/cultura.sma.gob.ar\/wp-content\/uploads\/2021\/06\/IMG-20210602-WA0020-90x90.jpg 90w\" sizes=\"auto, (max-width: 960px) 100vw, 960px\" \/><\/figure><\/li><li class=\"blocks-gallery-item\"><figure><img loading=\"lazy\" decoding=\"async\" width=\"960\" height=\"960\" src=\"http:\/\/cultura.sma.gob.ar\/wp-content\/uploads\/2021\/06\/IMG-20210602-WA0019.jpg\" alt=\"\" data-id=\"1737\" data-full-url=\"http:\/\/cultura.sma.gob.ar\/wp-content\/uploads\/2021\/06\/IMG-20210602-WA0019.jpg\" data-link=\"http:\/\/cultura.sma.gob.ar\/?attachment_id=1737\" class=\"wp-image-1737\" srcset=\"https:\/\/cultura.sma.gob.ar\/wp-content\/uploads\/2021\/06\/IMG-20210602-WA0019.jpg 960w, https:\/\/cultura.sma.gob.ar\/wp-content\/uploads\/2021\/06\/IMG-20210602-WA0019-300x300.jpg 300w, https:\/\/cultura.sma.gob.ar\/wp-content\/uploads\/2021\/06\/IMG-20210602-WA0019-150x150.jpg 150w, https:\/\/cultura.sma.gob.ar\/wp-content\/uploads\/2021\/06\/IMG-20210602-WA0019-768x768.jpg 768w, https:\/\/cultura.sma.gob.ar\/wp-content\/uploads\/2021\/06\/IMG-20210602-WA0019-90x90.jpg 90w\" sizes=\"auto, (max-width: 960px) 100vw, 960px\" \/><\/figure><\/li><\/ul><\/figure>\n\n\n\n<p><strong><em>Sobre los artistas participantes<\/em><\/strong><\/p>\n\n\n\n<p><strong>. SEDE C\u00d3RDOBA:<\/strong> Tres tigres teatro, La m\u00fasica nos amontona, Garba, La Chicharra, Piedra Papel, Tijera, Marisa Volpiano.<\/p>\n\n\n\n<p><strong>. SEDE TIERRA DEL FUEGO<\/strong>: Sin Cordones<\/p>\n\n\n\n<p><strong>. SEDE AMBA: <\/strong>Pichiculundios, Borde Verde, La Banda de las corbatas, Cielo Arriba, Palmito en camino, Los Jipis voladores, Al tun tun, Cantares de Colores, AyeKant\u00fan d\u00fao, Mar\u00eda de Leonardis, Mat\u00edas Garc\u00eda, La Banda de Don Florencio y Copla Colores<\/p>\n\n\n\n<p><strong>.SEDE BS AS INTERIOR:<\/strong> Graciela Mendoza<\/p>\n\n\n\n<p><strong>. SEDE SAN JUAN\/CUYO:<\/strong> A poncho<\/p>\n\n\n\n<p><strong>. SEDE LA PAMPA<\/strong>: Ernesto del Viso.&nbsp;<\/p>\n\n\n\n<p><strong>. SEDE ALTO VALLE:<\/strong> Los musis de profica, De d\u00f3 ping gu\u00e9<\/p>\n\n\n\n<p><strong>. SEDE<\/strong> <strong>MARMAWIZA\/PATAGONIA<\/strong>: Manos a la murga, Canciones en el bosque, Mar de tinta, Carito Caro\u00e9<\/p>\n\n\n\n<p>.<strong> SEDE MAR Y SIERRA:<\/strong> La veredita peque\u00f1a orquesta, Chima Chiodi, Pido Gancho, Las Magdalenas.&nbsp;<\/p>\n\n\n\n<p><strong>. SEDE SANTIAGO DEL ESTERO: <\/strong>Los Keti.<\/p>\n\n\n\n<p><strong>Carito Caro\u00e9<\/strong> &#8211; <strong>SEDE<\/strong> <strong>MARMAWIZA\/PATAGONIA<\/strong>:<\/p>\n\n\n\n<p>Nac\u00ed en Buenos Aires, viaj\u00e9 por varios lados y vivo en San Mart\u00edn de los Andes, provincia de Neuqu\u00e9n. Soy m\u00fasica, compositora y docente en la escuela primaria 188 y en la escuela Superior de M\u00fasica SMA. He recorrido distintos espacios y \u00e1mbitos con m\u00ed M\u00fasica y tambi\u00e9n como docente, siendo parte de distintos y variados proyectos art\u00edsticos, destinados y elaborados para y con ni\u00f1os, ni\u00f1as y adolescentes.\u00a0 Con Carito Caro\u00e9, vamos a jugar y a viajar con su caja de recuerdos&#8230;.\u00a0<\/p>\n\n\n\n<p>Junto a los juegos y las canciones, conocer\u00e1n algunos rinconcitos de este hermoso lugar donde vivo, que forma parte de la sede Patagonia MarMawiza del MOMUSI, compartiendo as\u00ed la monta\u00f1a, el lago, el bosque y el inmenso cielo que pintan de colores y sonidos todas mis canciones.<\/p>\n\n\n\n<p><strong>Instagram:<\/strong> @musicarito<\/p>\n","protected":false},"excerpt":{"rendered":"<p>1er Festival MOMUSI Federal&nbsp; MOMUSI, movimiento de M\u00fasica para ni\u00f1os y ni\u00f1as, presenta el \u201c1er Festival Momusi Federal\u201d, a realizarse todos los domingos, desde el 18 de abril al 13 de junio de 2021, a las 18 hs.&nbsp; La programaci\u00f3n de este festival re\u00fane 31 ARTISTAS, solistas y grupos musicales,&nbsp;de todo el pa\u00eds, dedicados a las infancias. Ser\u00e1n nueve transmisiones v\u00eda streaming que se emitir\u00e1n &hellip; <a href=\"https:\/\/cultura.sma.gob.ar\/?p=1733\" class=\"more-link\">Continue reading <span class=\"screen-reader-text\">1\u00ba Festival Momusi Federal &#8211; nueva fecha<\/span><\/a><\/p>\n","protected":false},"author":1,"featured_media":297,"comment_status":"closed","ping_status":"","sticky":false,"template":"","format":"image","meta":{"footnotes":""},"categories":[2],"tags":[],"class_list":["post-1733","post","type-post","status-publish","format-image","has-post-thumbnail","hentry","category-ciudad-cultural","post_format-post-format-image"],"_links":{"self":[{"href":"https:\/\/cultura.sma.gob.ar\/index.php?rest_route=\/wp\/v2\/posts\/1733","targetHints":{"allow":["GET"]}}],"collection":[{"href":"https:\/\/cultura.sma.gob.ar\/index.php?rest_route=\/wp\/v2\/posts"}],"about":[{"href":"https:\/\/cultura.sma.gob.ar\/index.php?rest_route=\/wp\/v2\/types\/post"}],"author":[{"embeddable":true,"href":"https:\/\/cultura.sma.gob.ar\/index.php?rest_route=\/wp\/v2\/users\/1"}],"replies":[{"embeddable":true,"href":"https:\/\/cultura.sma.gob.ar\/index.php?rest_route=%2Fwp%2Fv2%2Fcomments&post=1733"}],"version-history":[{"count":2,"href":"https:\/\/cultura.sma.gob.ar\/index.php?rest_route=\/wp\/v2\/posts\/1733\/revisions"}],"predecessor-version":[{"id":1739,"href":"https:\/\/cultura.sma.gob.ar\/index.php?rest_route=\/wp\/v2\/posts\/1733\/revisions\/1739"}],"wp:featuredmedia":[{"embeddable":true,"href":"https:\/\/cultura.sma.gob.ar\/index.php?rest_route=\/wp\/v2\/media\/297"}],"wp:attachment":[{"href":"https:\/\/cultura.sma.gob.ar\/index.php?rest_route=%2Fwp%2Fv2%2Fmedia&parent=1733"}],"wp:term":[{"taxonomy":"category","embeddable":true,"href":"https:\/\/cultura.sma.gob.ar\/index.php?rest_route=%2Fwp%2Fv2%2Fcategories&post=1733"},{"taxonomy":"post_tag","embeddable":true,"href":"https:\/\/cultura.sma.gob.ar\/index.php?rest_route=%2Fwp%2Fv2%2Ftags&post=1733"}],"curies":[{"name":"wp","href":"https:\/\/api.w.org\/{rel}","templated":true}]}}