{"id":1722,"date":"2021-06-01T12:38:35","date_gmt":"2021-06-01T15:38:35","guid":{"rendered":"http:\/\/cultura.sma.gob.ar\/?p=1722"},"modified":"2021-06-01T12:45:36","modified_gmt":"2021-06-01T15:45:36","slug":"1722","status":"publish","type":"post","link":"https:\/\/cultura.sma.gob.ar\/?p=1722","title":{"rendered":"&#8220;El deseo es nuestro&#8221;-segunda edici\u00f3n"},"content":{"rendered":"\n<figure class=\"wp-block-image size-large\"><img loading=\"lazy\" decoding=\"async\" width=\"1024\" height=\"1024\" src=\"http:\/\/cultura.sma.gob.ar\/wp-content\/uploads\/2021\/06\/EL-DESEO-ES-NUESTRO-VOLL-II-1024x1024.png\" alt=\"\" class=\"wp-image-1724\" srcset=\"https:\/\/cultura.sma.gob.ar\/wp-content\/uploads\/2021\/06\/EL-DESEO-ES-NUESTRO-VOLL-II-1024x1024.png 1024w, https:\/\/cultura.sma.gob.ar\/wp-content\/uploads\/2021\/06\/EL-DESEO-ES-NUESTRO-VOLL-II-300x300.png 300w, https:\/\/cultura.sma.gob.ar\/wp-content\/uploads\/2021\/06\/EL-DESEO-ES-NUESTRO-VOLL-II-150x150.png 150w, https:\/\/cultura.sma.gob.ar\/wp-content\/uploads\/2021\/06\/EL-DESEO-ES-NUESTRO-VOLL-II-768x768.png 768w, https:\/\/cultura.sma.gob.ar\/wp-content\/uploads\/2021\/06\/EL-DESEO-ES-NUESTRO-VOLL-II-90x90.png 90w, https:\/\/cultura.sma.gob.ar\/wp-content\/uploads\/2021\/06\/EL-DESEO-ES-NUESTRO-VOLL-II.png 1200w\" sizes=\"auto, (max-width: 1024px) 100vw, 1024px\" \/><\/figure>\n\n\n\n<p>Lo que propongo es hacer un recorrido por diferentes obras contempor\u00e1neas de fotografxs y artistas visuales mujeres, feministas, queers y\/o disidentes que reflexionan sobre cuestiones de g\u00e9nero, desnudo, er\u00f3tica y sexualidad. Deseo, goce y sensualidad. Consumo y reproducci\u00f3n. Entre cada encuentro incluyo una instancia de producci\u00f3n a trav\u00e9s de diferentes propuestas l\u00fadicas y creativas, individuales y colectivas.<\/p>\n\n\n\n<p>En los primeros cinco encuentros recorreremos artistas, obras y problem\u00e1ticas. Al finalizar cada recorrido propongo una asignaci\u00f3n l\u00fadica para producir entre cada encuentro. La selecci\u00f3n y presentaci\u00f3n de obras fotogr\u00e1ficas no cumplen con un orden cronol\u00f3gico, regional, o de lenguaje. Me interesa detenerme en diferentes enfoques de reflexi\u00f3n (contexto pol\u00edtico, biograf\u00eda de la artista, innovaci\u00f3n dentro del lenguaje, etc.) que aportan al an\u00e1lisis de obra. Se abordan artistas con trayectoria y emergentes de diferentes nacionalidades y con producci\u00f3n art\u00edstica de fines del siglo pasado a la actualidad.<\/p>\n\n\n\n<p>El \u00fatimo encuentro es reflexivo y pr\u00e1ctico. En este espacio compartiremos los trabajos que surjan a partir de las consignas de producci\u00f3n de texto e imagen propuestas en cada encuentro. Generando as\u00ed una instancia de debate y an\u00e1lisis entre lxs participantes y sus producciones.<\/p>\n\n\n\n<p>El taller es de 6 encuentros de 2 horas. Sin l\u00edmite de participantes. Fechas y horarios a convenir.  Consultas por mail a deluciabonato@gmail.com <\/p>\n\n\n\n<p><strong>Sobre la artista:<\/strong><\/p>\n\n\n\n<p>Soy artista visual contempor\u00e1nea, millennial disidente y feminista. , patag\u00f3nica, Mis trabajos son registro. Cada proyecto es el registro de experiencias que me atraviesan y me constituyen. Fotograf\u00edo, dibujo, pinto, filmo, investigo, escribo, milito y canto. Sintetizo y simbolizo. Construyo im\u00e1g enes propias. Desde mediados de 2017 vivo en San Mart\u00edn de los Andes, Neuqu\u00e9n. Nac\u00ed en 1989, en Ciudad Aut\u00f3noma de Buenos Aires. En el a\u00f1o 2000 me radiqu\u00e9 en Jun\u00edn de los Andes, Neuqu\u00e9n, donde realic\u00e9 distintos talleres art\u00edsticos en el Centro de Iniciaci \u00f3n Art\u00edstica N\u00b0 3 (CIA N\u00b0 3). En 2009 me inici\u00e9 en Artes Visuales, y Cinematograf\u00eda y Nuevos Medios en el Instituto Universitario Patag\u00f3nico de las Artes (IUPA), Fiske Menuko, Rio Negro. En 2011 volv\u00ed a J. Andes, donde me form\u00e9 en distintos talleres, cl\u00edni cas y seminarios de arte. Entre otros durante 2013 y 2014 en el Programa Federal para las Artes, Art Boomerang, Bariloche, a cargo de Daniel Fischer. Entre 2015 y 2018 particip\u00e9 de los Programas de Formaci\u00f3n en Pr\u00e1cticas Art\u00edsticas, en MANTA, espacio de fo rmaci\u00f3n y residencias, San Mart\u00edn de los Andes. En 2016 en el Taller de An\u00e1lisis y Seguimiento de Producciones y Pr\u00e1cticas en Artes Visuales en el programa de capacitaci\u00f3n del Fondo Nacional de las Artes, a cargo de Marcela Sinclair, Ciudad de Neuqu\u00e9n. El a\u00f1o pasado 2019 particip\u00e9 de los Encuentros Productivos de Artistas Contempor\u00e1neos Fuego en la Torre, a cargo de Eva Grinstein y MANTA.<\/p>\n","protected":false},"excerpt":{"rendered":"<p>Lo que propongo es hacer un recorrido por diferentes obras contempor\u00e1neas de fotografxs y artistas visuales mujeres, feministas, queers y\/o disidentes que reflexionan sobre cuestiones de g\u00e9nero, desnudo, er\u00f3tica y sexualidad. Deseo, goce y sensualidad. Consumo y reproducci\u00f3n. Entre cada encuentro incluyo una instancia de producci\u00f3n a trav\u00e9s de diferentes propuestas l\u00fadicas y creativas, individuales y colectivas. En los primeros cinco encuentros recorreremos artistas, obras &hellip; <a href=\"https:\/\/cultura.sma.gob.ar\/?p=1722\" class=\"more-link\">Continue reading <span class=\"screen-reader-text\">&#8220;El deseo es nuestro&#8221;-segunda edici\u00f3n<\/span><\/a><\/p>\n","protected":false},"author":1,"featured_media":297,"comment_status":"closed","ping_status":"","sticky":false,"template":"","format":"image","meta":{"footnotes":""},"categories":[2],"tags":[],"class_list":["post-1722","post","type-post","status-publish","format-image","has-post-thumbnail","hentry","category-ciudad-cultural","post_format-post-format-image"],"_links":{"self":[{"href":"https:\/\/cultura.sma.gob.ar\/index.php?rest_route=\/wp\/v2\/posts\/1722","targetHints":{"allow":["GET"]}}],"collection":[{"href":"https:\/\/cultura.sma.gob.ar\/index.php?rest_route=\/wp\/v2\/posts"}],"about":[{"href":"https:\/\/cultura.sma.gob.ar\/index.php?rest_route=\/wp\/v2\/types\/post"}],"author":[{"embeddable":true,"href":"https:\/\/cultura.sma.gob.ar\/index.php?rest_route=\/wp\/v2\/users\/1"}],"replies":[{"embeddable":true,"href":"https:\/\/cultura.sma.gob.ar\/index.php?rest_route=%2Fwp%2Fv2%2Fcomments&post=1722"}],"version-history":[{"count":4,"href":"https:\/\/cultura.sma.gob.ar\/index.php?rest_route=\/wp\/v2\/posts\/1722\/revisions"}],"predecessor-version":[{"id":1729,"href":"https:\/\/cultura.sma.gob.ar\/index.php?rest_route=\/wp\/v2\/posts\/1722\/revisions\/1729"}],"wp:featuredmedia":[{"embeddable":true,"href":"https:\/\/cultura.sma.gob.ar\/index.php?rest_route=\/wp\/v2\/media\/297"}],"wp:attachment":[{"href":"https:\/\/cultura.sma.gob.ar\/index.php?rest_route=%2Fwp%2Fv2%2Fmedia&parent=1722"}],"wp:term":[{"taxonomy":"category","embeddable":true,"href":"https:\/\/cultura.sma.gob.ar\/index.php?rest_route=%2Fwp%2Fv2%2Fcategories&post=1722"},{"taxonomy":"post_tag","embeddable":true,"href":"https:\/\/cultura.sma.gob.ar\/index.php?rest_route=%2Fwp%2Fv2%2Ftags&post=1722"}],"curies":[{"name":"wp","href":"https:\/\/api.w.org\/{rel}","templated":true}]}}