{"id":1719,"date":"2021-06-01T12:30:39","date_gmt":"2021-06-01T15:30:39","guid":{"rendered":"http:\/\/cultura.sma.gob.ar\/?p=1719"},"modified":"2021-06-01T12:30:39","modified_gmt":"2021-06-01T15:30:39","slug":"abre-la-convocatoria-para-el-7o-festival-de-cine-a-la-vista","status":"publish","type":"post","link":"https:\/\/cultura.sma.gob.ar\/?p=1719","title":{"rendered":"Abre la convocatoria para el 7\u00ba Festival de Cine a la Vista"},"content":{"rendered":"\n<figure class=\"wp-block-image size-large\"><img loading=\"lazy\" decoding=\"async\" width=\"1024\" height=\"1024\" src=\"http:\/\/cultura.sma.gob.ar\/wp-content\/uploads\/2021\/06\/CONVOCATORIA-CALV-1024x1024.jpg\" alt=\"\" class=\"wp-image-1720\" srcset=\"https:\/\/cultura.sma.gob.ar\/wp-content\/uploads\/2021\/06\/CONVOCATORIA-CALV-1024x1024.jpg 1024w, https:\/\/cultura.sma.gob.ar\/wp-content\/uploads\/2021\/06\/CONVOCATORIA-CALV-300x300.jpg 300w, https:\/\/cultura.sma.gob.ar\/wp-content\/uploads\/2021\/06\/CONVOCATORIA-CALV-150x150.jpg 150w, https:\/\/cultura.sma.gob.ar\/wp-content\/uploads\/2021\/06\/CONVOCATORIA-CALV-768x768.jpg 768w, https:\/\/cultura.sma.gob.ar\/wp-content\/uploads\/2021\/06\/CONVOCATORIA-CALV-1536x1536.jpg 1536w, https:\/\/cultura.sma.gob.ar\/wp-content\/uploads\/2021\/06\/CONVOCATORIA-CALV-2048x2048.jpg 2048w, https:\/\/cultura.sma.gob.ar\/wp-content\/uploads\/2021\/06\/CONVOCATORIA-CALV-90x90.jpg 90w\" sizes=\"auto, (max-width: 1024px) 100vw, 1024px\" \/><\/figure>\n\n\n\n<p>Con mucha alegr\u00eda queremos anunciar la apertura de la convocatoria a pel\u00edculas para la realizaci\u00f3n de la s\u00e9ptima edici\u00f3n del Festival Internacional de Cine para Adolescentes Cine a la Vista! que no pudimos concretar el a\u00f1o 2020 debido a la pandemia de la covid-19 pero que, a partir de los nuevos protocolos y la progresiva campa\u00f1a de vacunaci\u00f3n nacional, esperamos poder realizar del 9 al 15 de septiembre de 2021 en San Mart\u00edn de los Andes, Neuqu\u00e9n, Argentina.<\/p>\n\n\n\n<p>La inscripci\u00f3n est\u00e1 abierta para producciones cinematogr\u00e1ficas realizadas desde 2019 a la fecha, que sean aptas para p\u00fablico mayor de 13 a\u00f1os o de 16 a\u00f1os, con contenidos que puedan ser de inter\u00e9s para el p\u00fablico adolescente. Con esto nos referimos a pel\u00edculas que no s\u00f3lo traten tem\u00e1ticas meramente juveniles sino que cuyos argumentos, est\u00e9ticas, formas narrativas puedan hacer reflexionar, emocionar, entretener e incentivar a todes elles.<\/p>\n\n\n\n<p>La convocatoria tambi\u00e9n incluye cortometrajes realizados por adolescentes, un cl\u00e1sico sumamente apreciado por nuestro festival.<\/p>\n\n\n\n<p>Las categor\u00edas en competencia son:<\/p>\n\n\n\n<ul class=\"wp-block-list\"><li>Largometrajes +13<\/li><li>Largometrajes +16<\/li><li>Cortometrajes realizados por adolescentes<br><\/li><\/ul>\n\n\n\n<p>Cine a la Vista es el \u00fanico festival que se realiza en Argentina cuyo jurado est\u00e1 conformado exclusivamente por adolescentes; es decir que son ellos, ellas y elles quienes visualizan, debaten y eligen las mejores realizaciones audiovisuales.<\/p>\n\n\n\n<p>Como todes podr\u00e1n imaginar, en este panorama sanitario, con todas sus consecuencias, es una enorme satisfacci\u00f3n poder planificar, so\u00f1ar y realizar cada uno de los pasos que nos permitan disfrutar de Cine a la Vista con todos los cuidados y protocolos indicados. Por eso, esperamos que puedan participar m\u00e1s que nunca de esta nueva edici\u00f3n del Festival Internacional de Cine para Adolescentes Cine a la Vista.<\/p>\n\n\n\n<p><strong>La convocatoria est\u00e1 abierta hasta el 30 de junio de 2021 y pod\u00e9s encontrar las bases y condiciones y toda la informaci\u00f3n necesaria en<\/strong><a href=\"https:\/\/correo.smandes.gov.ar\/owa\/redir.aspx?C=899e0c7429b84ec9b4a05b0b12988b3a&amp;URL=http%3a%2f%2fwww.cinealavista.com%2f\" rel=\"noreferrer noopener\" target=\"_blank\">&nbsp;<strong>www.cinealavista.com<\/strong><\/a><strong>&nbsp;y nuestras redes sociales:<\/strong><a href=\"https:\/\/correo.smandes.gov.ar\/owa\/redir.aspx?C=899e0c7429b84ec9b4a05b0b12988b3a&amp;URL=https%3a%2f%2fwww.facebook.com%2ffestivalcinealavista\" rel=\"noreferrer noopener\" target=\"_blank\">&nbsp;<strong>facebook.com\/festivalcinealavista<\/strong><\/a><strong>&nbsp;y i<\/strong><a href=\"https:\/\/correo.smandes.gov.ar\/owa\/redir.aspx?C=899e0c7429b84ec9b4a05b0b12988b3a&amp;URL=https%3a%2f%2fwww.instagram.com%2ffestivalcinealavista\" rel=\"noreferrer noopener\" target=\"_blank\"><strong>nstagram.com\/festivalcinealavista<\/strong><\/a><\/p>\n","protected":false},"excerpt":{"rendered":"<p>Con mucha alegr\u00eda queremos anunciar la apertura de la convocatoria a pel\u00edculas para la realizaci\u00f3n de la s\u00e9ptima edici\u00f3n del Festival Internacional de Cine para Adolescentes Cine a la Vista! que no pudimos concretar el a\u00f1o 2020 debido a la pandemia de la covid-19 pero que, a partir de los nuevos protocolos y la progresiva campa\u00f1a de vacunaci\u00f3n nacional, esperamos poder realizar del 9 al &hellip; <a href=\"https:\/\/cultura.sma.gob.ar\/?p=1719\" class=\"more-link\">Continue reading <span class=\"screen-reader-text\">Abre la convocatoria para el 7\u00ba Festival de Cine a la Vista<\/span><\/a><\/p>\n","protected":false},"author":1,"featured_media":297,"comment_status":"closed","ping_status":"","sticky":false,"template":"","format":"image","meta":{"footnotes":""},"categories":[2],"tags":[],"class_list":["post-1719","post","type-post","status-publish","format-image","has-post-thumbnail","hentry","category-ciudad-cultural","post_format-post-format-image"],"_links":{"self":[{"href":"https:\/\/cultura.sma.gob.ar\/index.php?rest_route=\/wp\/v2\/posts\/1719","targetHints":{"allow":["GET"]}}],"collection":[{"href":"https:\/\/cultura.sma.gob.ar\/index.php?rest_route=\/wp\/v2\/posts"}],"about":[{"href":"https:\/\/cultura.sma.gob.ar\/index.php?rest_route=\/wp\/v2\/types\/post"}],"author":[{"embeddable":true,"href":"https:\/\/cultura.sma.gob.ar\/index.php?rest_route=\/wp\/v2\/users\/1"}],"replies":[{"embeddable":true,"href":"https:\/\/cultura.sma.gob.ar\/index.php?rest_route=%2Fwp%2Fv2%2Fcomments&post=1719"}],"version-history":[{"count":1,"href":"https:\/\/cultura.sma.gob.ar\/index.php?rest_route=\/wp\/v2\/posts\/1719\/revisions"}],"predecessor-version":[{"id":1721,"href":"https:\/\/cultura.sma.gob.ar\/index.php?rest_route=\/wp\/v2\/posts\/1719\/revisions\/1721"}],"wp:featuredmedia":[{"embeddable":true,"href":"https:\/\/cultura.sma.gob.ar\/index.php?rest_route=\/wp\/v2\/media\/297"}],"wp:attachment":[{"href":"https:\/\/cultura.sma.gob.ar\/index.php?rest_route=%2Fwp%2Fv2%2Fmedia&parent=1719"}],"wp:term":[{"taxonomy":"category","embeddable":true,"href":"https:\/\/cultura.sma.gob.ar\/index.php?rest_route=%2Fwp%2Fv2%2Fcategories&post=1719"},{"taxonomy":"post_tag","embeddable":true,"href":"https:\/\/cultura.sma.gob.ar\/index.php?rest_route=%2Fwp%2Fv2%2Ftags&post=1719"}],"curies":[{"name":"wp","href":"https:\/\/api.w.org\/{rel}","templated":true}]}}