{"id":1707,"date":"2021-05-27T09:16:46","date_gmt":"2021-05-27T12:16:46","guid":{"rendered":"http:\/\/cultura.sma.gob.ar\/?p=1707"},"modified":"2021-05-27T09:16:46","modified_gmt":"2021-05-27T12:16:46","slug":"seminario-de-oratoria-con-herramientas-para-una-mejor-comunicacion","status":"publish","type":"post","link":"https:\/\/cultura.sma.gob.ar\/?p=1707","title":{"rendered":"Seminario de Oratoria con herramientas para una mejor comunicaci\u00f3n"},"content":{"rendered":"\n<figure class=\"wp-block-image size-large\"><img decoding=\"async\" src=\"http:\/\/cultura.sma.gob.ar\/wp-content\/uploads\/2021\/05\/Seminario-de-Oratoria-Herramientas-para-una-mejor-comunicacion-1-1024x1024.png\" alt=\"\" class=\"wp-image-1708\"\/><\/figure>\n\n\n\n<p>Este seminario ser\u00e1 llevado a cabo por Roc\u00edo de los \u00c1ngeles, locutora nacional egresada de ISER, que actualmente se desempe\u00f1a de 7 a 9 hs en el programa &#8221;Bien Temprano&#8221; de Radio Fun, es parte del elenco de &#8221;Piccolo Teatro&#8221; y participa en la redacci\u00f3n de &#8221;Noticias de los Andes&#8221;.<\/p>\n\n\n\n<p>En estas jornadas vas a poder mejorar tu capacidad de organizaci\u00f3n y verbalizaci\u00f3n de tu idea principal, captar la atenci\u00f3n de tus escuchas y tener la confianza necesaria para mantener una comunicaci\u00f3n m\u00e1s fluida. Est\u00e1n orientadas a estudiantes, nuevas y nuevos docentes, profes y profesionales, personas con puestos que tengan personal a su cargo, periodistas, y quienes quieran aprender a relacionarse de una forma m\u00e1s relajada y consciente.<\/p>\n\n\n\n<p>Los dos encuentros se realizar\u00e1n en &#8221;Taller Espacio &amp; Arte&#8221; en Curruhuinca 854, los s\u00e1bados 29 de mayo y 5 de junio, de 10 a 13 hs. Los cupos son acotados por protocolo sanitario.<\/p>\n\n\n\n<p>El valor de las dos jornadas es de 3.000 mil pesos.<\/p>\n\n\n\n<p>Para consultas e inscripciones, escribir por Wtsp al 11 67559472 \u00f3 personalmente en &#8221;Art\u00edstica Espacio &amp; Arte&#8221;, Curruhuinca 817, de lunes a s\u00e1bados de 10 a 13 y de 17 a 20 hs.<\/p>\n\n\n\n<p>No te pierdas la oportunidad de renovar tus ideas y mejorar la calidad de tu comunicaci\u00f3n!<\/p>\n","protected":false},"excerpt":{"rendered":"<p>Este seminario ser\u00e1 llevado a cabo por Roc\u00edo de los \u00c1ngeles, locutora nacional egresada de ISER, que actualmente se desempe\u00f1a de 7 a 9 hs en el programa &#8221;Bien Temprano&#8221; de Radio Fun, es parte del elenco de &#8221;Piccolo Teatro&#8221; y participa en la redacci\u00f3n de &#8221;Noticias de los Andes&#8221;. En estas jornadas vas a poder mejorar tu capacidad de organizaci\u00f3n y verbalizaci\u00f3n de tu &hellip; <a href=\"https:\/\/cultura.sma.gob.ar\/?p=1707\" class=\"more-link\">Continue reading <span class=\"screen-reader-text\">Seminario de Oratoria con herramientas para una mejor comunicaci\u00f3n<\/span><\/a><\/p>\n","protected":false},"author":1,"featured_media":297,"comment_status":"closed","ping_status":"","sticky":false,"template":"","format":"image","meta":{"footnotes":""},"categories":[2],"tags":[],"class_list":["post-1707","post","type-post","status-publish","format-image","has-post-thumbnail","hentry","category-ciudad-cultural","post_format-post-format-image"],"_links":{"self":[{"href":"https:\/\/cultura.sma.gob.ar\/index.php?rest_route=\/wp\/v2\/posts\/1707","targetHints":{"allow":["GET"]}}],"collection":[{"href":"https:\/\/cultura.sma.gob.ar\/index.php?rest_route=\/wp\/v2\/posts"}],"about":[{"href":"https:\/\/cultura.sma.gob.ar\/index.php?rest_route=\/wp\/v2\/types\/post"}],"author":[{"embeddable":true,"href":"https:\/\/cultura.sma.gob.ar\/index.php?rest_route=\/wp\/v2\/users\/1"}],"replies":[{"embeddable":true,"href":"https:\/\/cultura.sma.gob.ar\/index.php?rest_route=%2Fwp%2Fv2%2Fcomments&post=1707"}],"version-history":[{"count":1,"href":"https:\/\/cultura.sma.gob.ar\/index.php?rest_route=\/wp\/v2\/posts\/1707\/revisions"}],"predecessor-version":[{"id":1709,"href":"https:\/\/cultura.sma.gob.ar\/index.php?rest_route=\/wp\/v2\/posts\/1707\/revisions\/1709"}],"wp:featuredmedia":[{"embeddable":true,"href":"https:\/\/cultura.sma.gob.ar\/index.php?rest_route=\/wp\/v2\/media\/297"}],"wp:attachment":[{"href":"https:\/\/cultura.sma.gob.ar\/index.php?rest_route=%2Fwp%2Fv2%2Fmedia&parent=1707"}],"wp:term":[{"taxonomy":"category","embeddable":true,"href":"https:\/\/cultura.sma.gob.ar\/index.php?rest_route=%2Fwp%2Fv2%2Fcategories&post=1707"},{"taxonomy":"post_tag","embeddable":true,"href":"https:\/\/cultura.sma.gob.ar\/index.php?rest_route=%2Fwp%2Fv2%2Ftags&post=1707"}],"curies":[{"name":"wp","href":"https:\/\/api.w.org\/{rel}","templated":true}]}}