{"id":1702,"date":"2021-05-20T10:42:27","date_gmt":"2021-05-20T13:42:27","guid":{"rendered":"http:\/\/cultura.sma.gob.ar\/?p=1702"},"modified":"2021-05-20T10:42:27","modified_gmt":"2021-05-20T13:42:27","slug":"pena-virtual-del-25-de-mayo","status":"publish","type":"post","link":"https:\/\/cultura.sma.gob.ar\/?p=1702","title":{"rendered":"Pe\u00f1a Virtual del 25 de mayo"},"content":{"rendered":"\n<figure class=\"wp-block-image size-large\"><img loading=\"lazy\" decoding=\"async\" width=\"1024\" height=\"1024\" src=\"http:\/\/cultura.sma.gob.ar\/wp-content\/uploads\/2021\/05\/25-de-mayo-1024x1024.jpg\" alt=\"\" class=\"wp-image-1703\" srcset=\"https:\/\/cultura.sma.gob.ar\/wp-content\/uploads\/2021\/05\/25-de-mayo-1024x1024.jpg 1024w, https:\/\/cultura.sma.gob.ar\/wp-content\/uploads\/2021\/05\/25-de-mayo-300x300.jpg 300w, https:\/\/cultura.sma.gob.ar\/wp-content\/uploads\/2021\/05\/25-de-mayo-150x150.jpg 150w, https:\/\/cultura.sma.gob.ar\/wp-content\/uploads\/2021\/05\/25-de-mayo-768x768.jpg 768w, https:\/\/cultura.sma.gob.ar\/wp-content\/uploads\/2021\/05\/25-de-mayo-1536x1536.jpg 1536w, https:\/\/cultura.sma.gob.ar\/wp-content\/uploads\/2021\/05\/25-de-mayo-90x90.jpg 90w, https:\/\/cultura.sma.gob.ar\/wp-content\/uploads\/2021\/05\/25-de-mayo.jpg 1875w\" sizes=\"auto, (max-width: 1024px) 100vw, 1024px\" \/><\/figure>\n\n\n\n<p>\u00a0A fin de conmemorar la fecha patria y disfrutar del folklore tradicional de nuestra localidad, el pr\u00f3ximo martes 25 de mayo, a las 21hs, la Secretar\u00eda de Cultura estrenar\u00e1 via canal de Youtube una nueva Pe\u00f1a Virtual.<\/p>\n\n\n\n<p>Este producto audiovisual, que se filmar\u00e1 bajo protocolo sanitario y a puertas cerradas en el Teatro San Jos\u00e9, contar\u00e1 con tres shows musicales:<\/p>\n\n\n\n<p>POLEMMA D\u00daO, formado por Paola Ilabaca y Emmanuel Rocha<\/p>\n\n\n\n<p>FLORINDO BLANCO y RAIZ FOLCLORICA, con Dami\u00e1n Alejandro Arteaga en&nbsp; viol\u00edn y voz, Alejandra Vizcarra en coreografia y Bombo Leguero y Germ\u00e1n Molina Corona percusi\u00f3n y coreograf\u00eda.<\/p>\n\n\n\n<p>GRUPO ALQUIMIA, formado por Ezequiel Soto Colicoi, Yonathan Carrasco, Cesar Soto Colicoi y Isaias Soto Colicoi.<\/p>\n\n\n\n<p>Agradecemos a todos ellos por su participaci\u00f3n. La pe\u00f1a estar\u00e1 disponible a partir de su estreno, de forma libre y gratuita para el disfrute de toda la comunidad.&nbsp;<\/p>\n","protected":false},"excerpt":{"rendered":"<p>\u00a0A fin de conmemorar la fecha patria y disfrutar del folklore tradicional de nuestra localidad, el pr\u00f3ximo martes 25 de mayo, a las 21hs, la Secretar\u00eda de Cultura estrenar\u00e1 via canal de Youtube una nueva Pe\u00f1a Virtual. Este producto audiovisual, que se filmar\u00e1 bajo protocolo sanitario y a puertas cerradas en el Teatro San Jos\u00e9, contar\u00e1 con tres shows musicales: POLEMMA D\u00daO, formado por Paola &hellip; <a href=\"https:\/\/cultura.sma.gob.ar\/?p=1702\" class=\"more-link\">Continue reading <span class=\"screen-reader-text\">Pe\u00f1a Virtual del 25 de mayo<\/span><\/a><\/p>\n","protected":false},"author":1,"featured_media":296,"comment_status":"closed","ping_status":"","sticky":false,"template":"","format":"image","meta":{"footnotes":""},"categories":[3],"tags":[],"class_list":["post-1702","post","type-post","status-publish","format-image","has-post-thumbnail","hentry","category-eventos-cultura","post_format-post-format-image"],"_links":{"self":[{"href":"https:\/\/cultura.sma.gob.ar\/index.php?rest_route=\/wp\/v2\/posts\/1702","targetHints":{"allow":["GET"]}}],"collection":[{"href":"https:\/\/cultura.sma.gob.ar\/index.php?rest_route=\/wp\/v2\/posts"}],"about":[{"href":"https:\/\/cultura.sma.gob.ar\/index.php?rest_route=\/wp\/v2\/types\/post"}],"author":[{"embeddable":true,"href":"https:\/\/cultura.sma.gob.ar\/index.php?rest_route=\/wp\/v2\/users\/1"}],"replies":[{"embeddable":true,"href":"https:\/\/cultura.sma.gob.ar\/index.php?rest_route=%2Fwp%2Fv2%2Fcomments&post=1702"}],"version-history":[{"count":1,"href":"https:\/\/cultura.sma.gob.ar\/index.php?rest_route=\/wp\/v2\/posts\/1702\/revisions"}],"predecessor-version":[{"id":1704,"href":"https:\/\/cultura.sma.gob.ar\/index.php?rest_route=\/wp\/v2\/posts\/1702\/revisions\/1704"}],"wp:featuredmedia":[{"embeddable":true,"href":"https:\/\/cultura.sma.gob.ar\/index.php?rest_route=\/wp\/v2\/media\/296"}],"wp:attachment":[{"href":"https:\/\/cultura.sma.gob.ar\/index.php?rest_route=%2Fwp%2Fv2%2Fmedia&parent=1702"}],"wp:term":[{"taxonomy":"category","embeddable":true,"href":"https:\/\/cultura.sma.gob.ar\/index.php?rest_route=%2Fwp%2Fv2%2Fcategories&post=1702"},{"taxonomy":"post_tag","embeddable":true,"href":"https:\/\/cultura.sma.gob.ar\/index.php?rest_route=%2Fwp%2Fv2%2Ftags&post=1702"}],"curies":[{"name":"wp","href":"https:\/\/api.w.org\/{rel}","templated":true}]}}