{"id":1697,"date":"2021-05-17T12:20:03","date_gmt":"2021-05-17T15:20:03","guid":{"rendered":"http:\/\/cultura.sma.gob.ar\/?p=1697"},"modified":"2021-05-17T12:20:03","modified_gmt":"2021-05-17T15:20:03","slug":"se-suspende-la-tormenta-porque-empieza-la-funcion-nueva-presentacion","status":"publish","type":"post","link":"https:\/\/cultura.sma.gob.ar\/?p=1697","title":{"rendered":"&#8220;Se suspende la tormenta porque empieza la funci\u00f3n&#8221;: nueva presentaci\u00f3n"},"content":{"rendered":"\n<figure class=\"wp-block-image size-large\"><img decoding=\"async\" src=\"http:\/\/cultura.sma.gob.ar\/wp-content\/uploads\/2021\/05\/Flyer-MINKA-23-05-724x1024.jpg\" alt=\"\" class=\"wp-image-1698\"\/><\/figure>\n\n\n\n<p>El pr\u00f3ximo domingo, 23 de mayo a las 19hs en la Sala Amankay de nuestro querido Centro Cultural Cotesma, la Cooperativa de Arte MINKA presenta \u201cSE SUSPENDE LA TORMENTA PORQUE EMPIEZA LA FUNCI\u00d3N\u201d, una nueva presentaci\u00f3n de esta hermosa variet\u00e9 despimpanante.<br><em>Pasen y vean, grandes y chiquos, de lo que hay no falta nada: t\u00edteres, m\u00fasica, poes\u00eda, acrobacias, payasos, burbujas. El clima y el equilibrio desafiados por la magia del espect\u00e1culo<\/em>.<\/p>\n\n\n\n<p><br>Ya llega deschuflinado<br>desarmando un remolino,<br>en el cielo no hay esquinas<br>ah\u00ed todo el aire es camino.<br><br>El presente dice ahora<br>la magia lo raj\u00f3 al fr\u00edo,<br>para criar un recuerdo<br>el cuerpo pide un olvido.<br><br>Piloteando el equilibrio<br>despimpanando el envi\u00f3n<br>SE SUSPENDE LA TORMENTA<br>PORQUE EMPIEZA LA FUNCI\u00d3N.<\/p>\n\n\n\n<p>Dicen que ya est\u00e1 llegando<br>en nuestro pecho hay un sismo<br>dicen que cuando se vaya<br>ya no seremos los mismos.<\/p>\n\n\n\n<p>Camila Laurito, Cristian Romera \u201cChicho\u201d, Mar\u00eda Sol Lence \u201cCristal\u201d, Fernando Formigo, Ana Mugueta \u201cChina\u201d, Rafael Urretabizkaya, Leonardo Guevara, H\u00e9ctor Oscar Troncoso \u201cCachi\u201d, Triana Almada, Pablo Gabriel Gudi\u00f1o \u201cPuflo\u201d, Luisina Formigo, Omar Dario Gomez \u201cKachengue\u201d.<\/p>\n\n\n\n<p>Entradas en venta en la boleteria del Centro Cultural. Anticipadas $300, el mismo d\u00eda $350. Cupos limitados.<\/p>\n","protected":false},"excerpt":{"rendered":"<p>El pr\u00f3ximo domingo, 23 de mayo a las 19hs en la Sala Amankay de nuestro querido Centro Cultural Cotesma, la Cooperativa de Arte MINKA presenta \u201cSE SUSPENDE LA TORMENTA PORQUE EMPIEZA LA FUNCI\u00d3N\u201d, una nueva presentaci\u00f3n de esta hermosa variet\u00e9 despimpanante.Pasen y vean, grandes y chiquos, de lo que hay no falta nada: t\u00edteres, m\u00fasica, poes\u00eda, acrobacias, payasos, burbujas. El clima y el equilibrio desafiados &hellip; <a href=\"https:\/\/cultura.sma.gob.ar\/?p=1697\" class=\"more-link\">Continue reading <span class=\"screen-reader-text\">&#8220;Se suspende la tormenta porque empieza la funci\u00f3n&#8221;: nueva presentaci\u00f3n<\/span><\/a><\/p>\n","protected":false},"author":1,"featured_media":297,"comment_status":"closed","ping_status":"","sticky":false,"template":"","format":"image","meta":{"footnotes":""},"categories":[2],"tags":[],"class_list":["post-1697","post","type-post","status-publish","format-image","has-post-thumbnail","hentry","category-ciudad-cultural","post_format-post-format-image"],"_links":{"self":[{"href":"https:\/\/cultura.sma.gob.ar\/index.php?rest_route=\/wp\/v2\/posts\/1697","targetHints":{"allow":["GET"]}}],"collection":[{"href":"https:\/\/cultura.sma.gob.ar\/index.php?rest_route=\/wp\/v2\/posts"}],"about":[{"href":"https:\/\/cultura.sma.gob.ar\/index.php?rest_route=\/wp\/v2\/types\/post"}],"author":[{"embeddable":true,"href":"https:\/\/cultura.sma.gob.ar\/index.php?rest_route=\/wp\/v2\/users\/1"}],"replies":[{"embeddable":true,"href":"https:\/\/cultura.sma.gob.ar\/index.php?rest_route=%2Fwp%2Fv2%2Fcomments&post=1697"}],"version-history":[{"count":1,"href":"https:\/\/cultura.sma.gob.ar\/index.php?rest_route=\/wp\/v2\/posts\/1697\/revisions"}],"predecessor-version":[{"id":1699,"href":"https:\/\/cultura.sma.gob.ar\/index.php?rest_route=\/wp\/v2\/posts\/1697\/revisions\/1699"}],"wp:featuredmedia":[{"embeddable":true,"href":"https:\/\/cultura.sma.gob.ar\/index.php?rest_route=\/wp\/v2\/media\/297"}],"wp:attachment":[{"href":"https:\/\/cultura.sma.gob.ar\/index.php?rest_route=%2Fwp%2Fv2%2Fmedia&parent=1697"}],"wp:term":[{"taxonomy":"category","embeddable":true,"href":"https:\/\/cultura.sma.gob.ar\/index.php?rest_route=%2Fwp%2Fv2%2Fcategories&post=1697"},{"taxonomy":"post_tag","embeddable":true,"href":"https:\/\/cultura.sma.gob.ar\/index.php?rest_route=%2Fwp%2Fv2%2Ftags&post=1697"}],"curies":[{"name":"wp","href":"https:\/\/api.w.org\/{rel}","templated":true}]}}