{"id":1694,"date":"2021-05-17T12:16:41","date_gmt":"2021-05-17T15:16:41","guid":{"rendered":"http:\/\/cultura.sma.gob.ar\/?p=1694"},"modified":"2021-05-17T12:16:41","modified_gmt":"2021-05-17T15:16:41","slug":"impulsos-poesia-y-musica-en-la-sala-amankay","status":"publish","type":"post","link":"https:\/\/cultura.sma.gob.ar\/?p=1694","title":{"rendered":"&#8220;Impulsos&#8221;: poes\u00eda y m\u00fasica en la Sala Amankay"},"content":{"rendered":"\n<figure class=\"wp-block-image size-large\"><img decoding=\"async\" src=\"http:\/\/cultura.sma.gob.ar\/wp-content\/uploads\/2021\/05\/flyer_impulsos-576x1024.jpg\" alt=\"\" class=\"wp-image-1695\"\/><\/figure>\n\n\n\n<p>El pr\u00f3ximo viernes, 21 de mayo a las 19:30hs en la Sala Amankay del Centro Cultural Cotesma, seguimos disfrutando las mejores presentaciones cuid\u00e1ndote con todos los protocolos sanitarios vigentes.<br>Llega \u201cIMPULSOS\u201d\u2026<em>impulsos<\/em>&nbsp;que nos conectan, saltos que nos encuentran. Las palabras, una red que nos sostiene.<br><em>Impulsos<\/em>&nbsp;que se vuelven m\u00fasica, trama. Un paso desde la superficie de lo profundo hasta la profundidad de lo simple.<\/p>\n\n\n\n<p>Voces que despegan y tejen el cuerpo a la tierra del deseo.<br>M\u00fasica, poes\u00eda, expresi\u00f3n en movimiento.<\/p>\n\n\n\n<p>Int\u00e9rpretes: Leslie Braude, Nadia Cymeryng, Rafael Urretabizkaya y Santiago Loustaunau<\/p>\n\n\n\n<p>Entradas en venta en la boleteria del Centro Cultural. Anticipadas $300.- El mismo d\u00eda $350.<\/p>\n","protected":false},"excerpt":{"rendered":"<p>El pr\u00f3ximo viernes, 21 de mayo a las 19:30hs en la Sala Amankay del Centro Cultural Cotesma, seguimos disfrutando las mejores presentaciones cuid\u00e1ndote con todos los protocolos sanitarios vigentes.Llega \u201cIMPULSOS\u201d\u2026impulsos&nbsp;que nos conectan, saltos que nos encuentran. Las palabras, una red que nos sostiene.Impulsos&nbsp;que se vuelven m\u00fasica, trama. Un paso desde la superficie de lo profundo hasta la profundidad de lo simple. Voces que despegan y &hellip; <a href=\"https:\/\/cultura.sma.gob.ar\/?p=1694\" class=\"more-link\">Continue reading <span class=\"screen-reader-text\">&#8220;Impulsos&#8221;: poes\u00eda y m\u00fasica en la Sala Amankay<\/span><\/a><\/p>\n","protected":false},"author":1,"featured_media":297,"comment_status":"closed","ping_status":"","sticky":false,"template":"","format":"image","meta":{"footnotes":""},"categories":[2],"tags":[],"class_list":["post-1694","post","type-post","status-publish","format-image","has-post-thumbnail","hentry","category-ciudad-cultural","post_format-post-format-image"],"_links":{"self":[{"href":"https:\/\/cultura.sma.gob.ar\/index.php?rest_route=\/wp\/v2\/posts\/1694","targetHints":{"allow":["GET"]}}],"collection":[{"href":"https:\/\/cultura.sma.gob.ar\/index.php?rest_route=\/wp\/v2\/posts"}],"about":[{"href":"https:\/\/cultura.sma.gob.ar\/index.php?rest_route=\/wp\/v2\/types\/post"}],"author":[{"embeddable":true,"href":"https:\/\/cultura.sma.gob.ar\/index.php?rest_route=\/wp\/v2\/users\/1"}],"replies":[{"embeddable":true,"href":"https:\/\/cultura.sma.gob.ar\/index.php?rest_route=%2Fwp%2Fv2%2Fcomments&post=1694"}],"version-history":[{"count":1,"href":"https:\/\/cultura.sma.gob.ar\/index.php?rest_route=\/wp\/v2\/posts\/1694\/revisions"}],"predecessor-version":[{"id":1696,"href":"https:\/\/cultura.sma.gob.ar\/index.php?rest_route=\/wp\/v2\/posts\/1694\/revisions\/1696"}],"wp:featuredmedia":[{"embeddable":true,"href":"https:\/\/cultura.sma.gob.ar\/index.php?rest_route=\/wp\/v2\/media\/297"}],"wp:attachment":[{"href":"https:\/\/cultura.sma.gob.ar\/index.php?rest_route=%2Fwp%2Fv2%2Fmedia&parent=1694"}],"wp:term":[{"taxonomy":"category","embeddable":true,"href":"https:\/\/cultura.sma.gob.ar\/index.php?rest_route=%2Fwp%2Fv2%2Fcategories&post=1694"},{"taxonomy":"post_tag","embeddable":true,"href":"https:\/\/cultura.sma.gob.ar\/index.php?rest_route=%2Fwp%2Fv2%2Ftags&post=1694"}],"curies":[{"name":"wp","href":"https:\/\/api.w.org\/{rel}","templated":true}]}}