{"id":1690,"date":"2021-05-11T13:26:16","date_gmt":"2021-05-11T16:26:16","guid":{"rendered":"http:\/\/cultura.sma.gob.ar\/?p=1690"},"modified":"2021-05-11T13:26:16","modified_gmt":"2021-05-11T16:26:16","slug":"menu-cultural-estelar-duo-en-vivo-en-dublin","status":"publish","type":"post","link":"https:\/\/cultura.sma.gob.ar\/?p=1690","title":{"rendered":"Men\u00fa Cultural: Estelar D\u00fao en vivo en Dublin"},"content":{"rendered":"\n<figure class=\"wp-block-image size-large\"><img decoding=\"async\" src=\"http:\/\/cultura.sma.gob.ar\/wp-content\/uploads\/2021\/05\/ESTELAR-DUO-1024x1024.png\" alt=\"\" class=\"wp-image-1691\"\/><\/figure>\n\n\n\n<p>Este viernes 14 de mayo \u00a0Estelar\u00a0D\u00fao, formado por Luz Marina Teixe junto a\u00a0\u00a0Emanuel Hermosilla,\u00a0\u00a0presentan\u00a0\u00a0su repertorio de m\u00fasica instrumental\u00a0\u00a0a partir de\u00a0\u00a0las 22hs.\u00a0en\u00a0Dublin.<\/p>\n\n\n\n<p>Esta actividad se realiza bajo protocolo sanitario vigente. En ella se propone una opci\u00f3n de men\u00fa promocional accesible para fomentar el uso de locales gastron\u00f3micos como espacios culturales.<\/p>\n","protected":false},"excerpt":{"rendered":"<p>Este viernes 14 de mayo \u00a0Estelar\u00a0D\u00fao, formado por Luz Marina Teixe junto a\u00a0\u00a0Emanuel Hermosilla,\u00a0\u00a0presentan\u00a0\u00a0su repertorio de m\u00fasica instrumental\u00a0\u00a0a partir de\u00a0\u00a0las 22hs.\u00a0en\u00a0Dublin. Esta actividad se realiza bajo protocolo sanitario vigente. En ella se propone una opci\u00f3n de men\u00fa promocional accesible para fomentar el uso de locales gastron\u00f3micos como espacios culturales. <a href=\"https:\/\/cultura.sma.gob.ar\/?p=1690\" class=\"more-link\">Continue reading <span class=\"screen-reader-text\">Men\u00fa Cultural: Estelar D\u00fao en vivo en Dublin<\/span><\/a><\/p>\n","protected":false},"author":1,"featured_media":296,"comment_status":"closed","ping_status":"","sticky":false,"template":"","format":"image","meta":{"footnotes":""},"categories":[3],"tags":[],"class_list":["post-1690","post","type-post","status-publish","format-image","has-post-thumbnail","hentry","category-eventos-cultura","post_format-post-format-image"],"_links":{"self":[{"href":"https:\/\/cultura.sma.gob.ar\/index.php?rest_route=\/wp\/v2\/posts\/1690","targetHints":{"allow":["GET"]}}],"collection":[{"href":"https:\/\/cultura.sma.gob.ar\/index.php?rest_route=\/wp\/v2\/posts"}],"about":[{"href":"https:\/\/cultura.sma.gob.ar\/index.php?rest_route=\/wp\/v2\/types\/post"}],"author":[{"embeddable":true,"href":"https:\/\/cultura.sma.gob.ar\/index.php?rest_route=\/wp\/v2\/users\/1"}],"replies":[{"embeddable":true,"href":"https:\/\/cultura.sma.gob.ar\/index.php?rest_route=%2Fwp%2Fv2%2Fcomments&post=1690"}],"version-history":[{"count":1,"href":"https:\/\/cultura.sma.gob.ar\/index.php?rest_route=\/wp\/v2\/posts\/1690\/revisions"}],"predecessor-version":[{"id":1692,"href":"https:\/\/cultura.sma.gob.ar\/index.php?rest_route=\/wp\/v2\/posts\/1690\/revisions\/1692"}],"wp:featuredmedia":[{"embeddable":true,"href":"https:\/\/cultura.sma.gob.ar\/index.php?rest_route=\/wp\/v2\/media\/296"}],"wp:attachment":[{"href":"https:\/\/cultura.sma.gob.ar\/index.php?rest_route=%2Fwp%2Fv2%2Fmedia&parent=1690"}],"wp:term":[{"taxonomy":"category","embeddable":true,"href":"https:\/\/cultura.sma.gob.ar\/index.php?rest_route=%2Fwp%2Fv2%2Fcategories&post=1690"},{"taxonomy":"post_tag","embeddable":true,"href":"https:\/\/cultura.sma.gob.ar\/index.php?rest_route=%2Fwp%2Fv2%2Ftags&post=1690"}],"curies":[{"name":"wp","href":"https:\/\/api.w.org\/{rel}","templated":true}]}}