{"id":1676,"date":"2021-05-06T09:59:43","date_gmt":"2021-05-06T12:59:43","guid":{"rendered":"http:\/\/cultura.sma.gob.ar\/?p=1676"},"modified":"2021-05-06T09:59:43","modified_gmt":"2021-05-06T12:59:43","slug":"es-indispensable-inscribirse-para-acceder-a-convocatorias-y-programas-culturales","status":"publish","type":"post","link":"https:\/\/cultura.sma.gob.ar\/?p=1676","title":{"rendered":"Es indispensable inscribirse para acceder a convocatorias y programas culturales"},"content":{"rendered":"\n<p>Se recuerda a la comunidad que contin\u00faa abierta la inscripci\u00f3n al Registro Municipal de Trabajadores y Trabajadoras de la Cultura, creado por Ordenanza N\u00ba 13037\/20. Est\u00e1 dirigido tanto a personas individuales como a grupos y organizaciones art\u00edsticas y culturales.<\/p>\n\n\n\n<blockquote class=\"wp-block-quote is-layout-flow wp-block-quote-is-layout-flow\"><p>En estos links se pueden descargar los formularios correspondientes:\u00a0<a href=\"https:\/\/www.google.com\/url?q=https:\/\/www.google.com\/url?q%3Dhttps:\/\/drive.google.com\/file\/d\/1h_f7ijjQoceNCrhautprY53KalYcmaa4\/view%26amp;sa%3DD%26amp;source%3Deditors%26amp;ust%3D1618320134539000%26amp;usg%3DAOvVaw2UT6XLr6-jafc7knscXbBK&amp;sa=D&amp;source=editors&amp;ust=1618320134593000&amp;usg=AOvVaw04yqPr9_38Au-fZBiN5P9y\">Registro individual<\/a>\u00a0y\u00a0<a href=\"https:\/\/www.google.com\/url?q=https:\/\/www.google.com\/url?q%3Dhttps:\/\/drive.google.com\/file\/d\/1eZFnfN1lDGxEF9nZm23mkz-ipEK-Wio7\/view%26amp;sa%3DD%26amp;source%3Deditors%26amp;ust%3D1618320134539000%26amp;usg%3DAOvVaw1Ns38M_C99XF0dZZ0KIxuj&amp;sa=D&amp;source=editors&amp;ust=1618320134593000&amp;usg=AOvVaw25L3jjirZpe7H4BLOdRlTW\">Registro grupal<\/a>. Una vez completos, se envian v\u00eda mail a cultura@smandes.gov.ar<\/p><\/blockquote>\n\n\n\n<p>Este registro es muy importante porque:<br>&#8211; Unifica y actualiza la informaci\u00f3n que existe en la Secretar\u00eda de Cultura.<br>-Ser\u00e1 tenido en cuenta cuando la Secretar\u00eda realice convocatorias para eventos y programas.<br>-Nos ayudar\u00e1 a difundir convocatorias de organismos nacionales y provinciales dirigida a sectores espec\u00edficos.<br>&#8211; Ser\u00e1 obligatorio para percibir los beneficios de la Ord. 13037\/20, &#8220;Emergencia cultural&#8221;.<\/p>\n\n\n\n<p>Por otra parte, el registro funciona a modo de censo y nos va a permitir conocer la composici\u00f3n del ecosistema cultural de la ciudad.<\/p>\n","protected":false},"excerpt":{"rendered":"<p>Se recuerda a la comunidad que contin\u00faa abierta la inscripci\u00f3n al Registro Municipal de Trabajadores y Trabajadoras de la Cultura, creado por Ordenanza N\u00ba 13037\/20. Est\u00e1 dirigido tanto a personas individuales como a grupos y organizaciones art\u00edsticas y culturales. En estos links se pueden descargar los formularios correspondientes:\u00a0Registro individual\u00a0y\u00a0Registro grupal. Una vez completos, se envian v\u00eda mail a cultura@smandes.gov.ar Este registro es muy importante porque:&#8211; &hellip; <a href=\"https:\/\/cultura.sma.gob.ar\/?p=1676\" class=\"more-link\">Continue reading <span class=\"screen-reader-text\">Es indispensable inscribirse para acceder a convocatorias y programas culturales<\/span><\/a><\/p>\n","protected":false},"author":1,"featured_media":1677,"comment_status":"closed","ping_status":"","sticky":true,"template":"","format":"image","meta":{"footnotes":""},"categories":[9],"tags":[],"class_list":["post-1676","post","type-post","status-publish","format-image","has-post-thumbnail","hentry","category-ultimas-noticias","post_format-post-format-image"],"_links":{"self":[{"href":"https:\/\/cultura.sma.gob.ar\/index.php?rest_route=\/wp\/v2\/posts\/1676","targetHints":{"allow":["GET"]}}],"collection":[{"href":"https:\/\/cultura.sma.gob.ar\/index.php?rest_route=\/wp\/v2\/posts"}],"about":[{"href":"https:\/\/cultura.sma.gob.ar\/index.php?rest_route=\/wp\/v2\/types\/post"}],"author":[{"embeddable":true,"href":"https:\/\/cultura.sma.gob.ar\/index.php?rest_route=\/wp\/v2\/users\/1"}],"replies":[{"embeddable":true,"href":"https:\/\/cultura.sma.gob.ar\/index.php?rest_route=%2Fwp%2Fv2%2Fcomments&post=1676"}],"version-history":[{"count":3,"href":"https:\/\/cultura.sma.gob.ar\/index.php?rest_route=\/wp\/v2\/posts\/1676\/revisions"}],"predecessor-version":[{"id":1682,"href":"https:\/\/cultura.sma.gob.ar\/index.php?rest_route=\/wp\/v2\/posts\/1676\/revisions\/1682"}],"wp:featuredmedia":[{"embeddable":true,"href":"https:\/\/cultura.sma.gob.ar\/index.php?rest_route=\/wp\/v2\/media\/1677"}],"wp:attachment":[{"href":"https:\/\/cultura.sma.gob.ar\/index.php?rest_route=%2Fwp%2Fv2%2Fmedia&parent=1676"}],"wp:term":[{"taxonomy":"category","embeddable":true,"href":"https:\/\/cultura.sma.gob.ar\/index.php?rest_route=%2Fwp%2Fv2%2Fcategories&post=1676"},{"taxonomy":"post_tag","embeddable":true,"href":"https:\/\/cultura.sma.gob.ar\/index.php?rest_route=%2Fwp%2Fv2%2Ftags&post=1676"}],"curies":[{"name":"wp","href":"https:\/\/api.w.org\/{rel}","templated":true}]}}