{"id":1672,"date":"2021-05-05T12:52:42","date_gmt":"2021-05-05T15:52:42","guid":{"rendered":"http:\/\/cultura.sma.gob.ar\/?p=1672"},"modified":"2021-05-06T12:43:04","modified_gmt":"2021-05-06T15:43:04","slug":"menu-cultural-melisa-galluzzo-en-el-piccolo","status":"publish","type":"post","link":"https:\/\/cultura.sma.gob.ar\/?p=1672","title":{"rendered":"Men\u00fa Cultural: Melisa Galluzzo en el Piccolo"},"content":{"rendered":"\n<figure class=\"wp-block-image size-large\"><img decoding=\"async\" src=\"http:\/\/cultura.sma.gob.ar\/wp-content\/uploads\/2021\/05\/meli-1-1024x1024.png\" alt=\"\" class=\"wp-image-1684\"\/><\/figure>\n\n\n\n<p>Este s\u00e1bado 15 de mayo a las 21hs, Melisa Galluzzo llega al Teatro Piccolo para compartir lo mejor de la m\u00fasica latinoamericana con art\u00edstas invitadas: Mariela Lobato y Laura Regueira. Para concurrir a esta actividad es necesario hacer una reserva previa directamente con el teatro.<\/p>\n\n\n\n<p>Esta actividad, que se enmarca en el programa cultural Reencuentro, cuenta con protocolo sanitario para seguridad del rtista y los asistentes.<\/p>\n","protected":false},"excerpt":{"rendered":"<p>Este s\u00e1bado 15 de mayo a las 21hs, Melisa Galluzzo llega al Teatro Piccolo para compartir lo mejor de la m\u00fasica latinoamericana con art\u00edstas invitadas: Mariela Lobato y Laura Regueira. Para concurrir a esta actividad es necesario hacer una reserva previa directamente con el teatro. Esta actividad, que se enmarca en el programa cultural Reencuentro, cuenta con protocolo sanitario para seguridad del rtista y los &hellip; <a href=\"https:\/\/cultura.sma.gob.ar\/?p=1672\" class=\"more-link\">Continue reading <span class=\"screen-reader-text\">Men\u00fa Cultural: Melisa Galluzzo en el Piccolo<\/span><\/a><\/p>\n","protected":false},"author":1,"featured_media":296,"comment_status":"closed","ping_status":"","sticky":false,"template":"","format":"image","meta":{"footnotes":""},"categories":[3],"tags":[],"class_list":["post-1672","post","type-post","status-publish","format-image","has-post-thumbnail","hentry","category-eventos-cultura","post_format-post-format-image"],"_links":{"self":[{"href":"https:\/\/cultura.sma.gob.ar\/index.php?rest_route=\/wp\/v2\/posts\/1672","targetHints":{"allow":["GET"]}}],"collection":[{"href":"https:\/\/cultura.sma.gob.ar\/index.php?rest_route=\/wp\/v2\/posts"}],"about":[{"href":"https:\/\/cultura.sma.gob.ar\/index.php?rest_route=\/wp\/v2\/types\/post"}],"author":[{"embeddable":true,"href":"https:\/\/cultura.sma.gob.ar\/index.php?rest_route=\/wp\/v2\/users\/1"}],"replies":[{"embeddable":true,"href":"https:\/\/cultura.sma.gob.ar\/index.php?rest_route=%2Fwp%2Fv2%2Fcomments&post=1672"}],"version-history":[{"count":2,"href":"https:\/\/cultura.sma.gob.ar\/index.php?rest_route=\/wp\/v2\/posts\/1672\/revisions"}],"predecessor-version":[{"id":1685,"href":"https:\/\/cultura.sma.gob.ar\/index.php?rest_route=\/wp\/v2\/posts\/1672\/revisions\/1685"}],"wp:featuredmedia":[{"embeddable":true,"href":"https:\/\/cultura.sma.gob.ar\/index.php?rest_route=\/wp\/v2\/media\/296"}],"wp:attachment":[{"href":"https:\/\/cultura.sma.gob.ar\/index.php?rest_route=%2Fwp%2Fv2%2Fmedia&parent=1672"}],"wp:term":[{"taxonomy":"category","embeddable":true,"href":"https:\/\/cultura.sma.gob.ar\/index.php?rest_route=%2Fwp%2Fv2%2Fcategories&post=1672"},{"taxonomy":"post_tag","embeddable":true,"href":"https:\/\/cultura.sma.gob.ar\/index.php?rest_route=%2Fwp%2Fv2%2Ftags&post=1672"}],"curies":[{"name":"wp","href":"https:\/\/api.w.org\/{rel}","templated":true}]}}