{"id":1655,"date":"2021-05-05T11:25:46","date_gmt":"2021-05-05T14:25:46","guid":{"rendered":"http:\/\/cultura.sma.gob.ar\/?p=1655"},"modified":"2021-05-05T11:25:46","modified_gmt":"2021-05-05T14:25:46","slug":"taller-de-interpretes-conscientes","status":"publish","type":"post","link":"https:\/\/cultura.sma.gob.ar\/?p=1655","title":{"rendered":"Taller de int\u00e9rpretes conscientes"},"content":{"rendered":"\n<figure class=\"wp-block-image size-large\"><img decoding=\"async\" src=\"http:\/\/cultura.sma.gob.ar\/wp-content\/uploads\/2021\/05\/Flyer-Inte\u0301rpretes-Consciente-724x1024.png\" alt=\"\" class=\"wp-image-1656\"\/><\/figure>\n\n\n\n<p>En este taller te invito a explorar tu propia identidad como artista. A partir del trabajo con herramientas teatrales, vamos a sumergirnos en las profundidades de la interpretaci\u00f3n para que puedas darle luz, dentro de todas tus identidades, a tu identidad como cantante.&nbsp;<\/p>\n\n\n\n<p>Un espacio de autoconocimiento para comprender qu\u00e9 nos pasa cuando cantamos, c\u00f3mo interpretamos la letra de una canci\u00f3n y c\u00f3mo darle nuestro propio sentido a la expresi\u00f3n musical.&nbsp;<\/p>\n\n\n\n<p>La voz es la expresi\u00f3n del alma, un reflejo de tu historia y de tus emociones. A trav\u00e9s de herramientas transformadoras, voy a acompa\u00f1arte en el camino para que puedas afilar tu consciencia perform\u00e1tica, potenciar tu presencia esc\u00e9nica y dejarte atravesar por tu propia sonoridad.&nbsp;<\/p>\n\n\n\n<p>Este taller est\u00e1 destinado a cualquier persona que quiera descubrir y reconocer su lenguaje art\u00edstico a trav\u00e9s de la voz cantada.<\/p>\n\n\n\n<p>Duraci\u00f3n: Clases semanales de 1 hora<\/p>\n\n\n\n<p>Modalidad: Presencial \/ Virtual<\/p>\n\n\n\n<p>La modalidad y el horario se coordinar\u00e1n con el alumno.<\/p>\n\n\n\n<p>Arancel por clase: $900<\/p>\n\n\n\n<p>Arancel mensual: $3200<\/p>\n","protected":false},"excerpt":{"rendered":"<p>En este taller te invito a explorar tu propia identidad como artista. A partir del trabajo con herramientas teatrales, vamos a sumergirnos en las profundidades de la interpretaci\u00f3n para que puedas darle luz, dentro de todas tus identidades, a tu identidad como cantante.&nbsp; Un espacio de autoconocimiento para comprender qu\u00e9 nos pasa cuando cantamos, c\u00f3mo interpretamos la letra de una canci\u00f3n y c\u00f3mo darle nuestro &hellip; <a href=\"https:\/\/cultura.sma.gob.ar\/?p=1655\" class=\"more-link\">Continue reading <span class=\"screen-reader-text\">Taller de int\u00e9rpretes conscientes<\/span><\/a><\/p>\n","protected":false},"author":1,"featured_media":297,"comment_status":"closed","ping_status":"","sticky":false,"template":"","format":"image","meta":{"footnotes":""},"categories":[2,9],"tags":[],"class_list":["post-1655","post","type-post","status-publish","format-image","has-post-thumbnail","hentry","category-ciudad-cultural","category-ultimas-noticias","post_format-post-format-image"],"_links":{"self":[{"href":"https:\/\/cultura.sma.gob.ar\/index.php?rest_route=\/wp\/v2\/posts\/1655","targetHints":{"allow":["GET"]}}],"collection":[{"href":"https:\/\/cultura.sma.gob.ar\/index.php?rest_route=\/wp\/v2\/posts"}],"about":[{"href":"https:\/\/cultura.sma.gob.ar\/index.php?rest_route=\/wp\/v2\/types\/post"}],"author":[{"embeddable":true,"href":"https:\/\/cultura.sma.gob.ar\/index.php?rest_route=\/wp\/v2\/users\/1"}],"replies":[{"embeddable":true,"href":"https:\/\/cultura.sma.gob.ar\/index.php?rest_route=%2Fwp%2Fv2%2Fcomments&post=1655"}],"version-history":[{"count":1,"href":"https:\/\/cultura.sma.gob.ar\/index.php?rest_route=\/wp\/v2\/posts\/1655\/revisions"}],"predecessor-version":[{"id":1657,"href":"https:\/\/cultura.sma.gob.ar\/index.php?rest_route=\/wp\/v2\/posts\/1655\/revisions\/1657"}],"wp:featuredmedia":[{"embeddable":true,"href":"https:\/\/cultura.sma.gob.ar\/index.php?rest_route=\/wp\/v2\/media\/297"}],"wp:attachment":[{"href":"https:\/\/cultura.sma.gob.ar\/index.php?rest_route=%2Fwp%2Fv2%2Fmedia&parent=1655"}],"wp:term":[{"taxonomy":"category","embeddable":true,"href":"https:\/\/cultura.sma.gob.ar\/index.php?rest_route=%2Fwp%2Fv2%2Fcategories&post=1655"},{"taxonomy":"post_tag","embeddable":true,"href":"https:\/\/cultura.sma.gob.ar\/index.php?rest_route=%2Fwp%2Fv2%2Ftags&post=1655"}],"curies":[{"name":"wp","href":"https:\/\/api.w.org\/{rel}","templated":true}]}}