{"id":1625,"date":"2021-05-03T11:29:10","date_gmt":"2021-05-03T14:29:10","guid":{"rendered":"http:\/\/cultura.sma.gob.ar\/?p=1625"},"modified":"2021-05-03T11:29:10","modified_gmt":"2021-05-03T14:29:10","slug":"concierto-de-mandinga-en-la-sala-amankay","status":"publish","type":"post","link":"https:\/\/cultura.sma.gob.ar\/?p=1625","title":{"rendered":"Concierto de Mandinga en la Sala Amankay"},"content":{"rendered":"\n<figure class=\"wp-block-image size-large\"><img loading=\"lazy\" decoding=\"async\" width=\"1024\" height=\"1024\" src=\"http:\/\/cultura.sma.gob.ar\/wp-content\/uploads\/2021\/05\/Flyer-Mandinga-08-05-1024x1024.jpg\" alt=\"\" class=\"wp-image-1626\" srcset=\"https:\/\/cultura.sma.gob.ar\/wp-content\/uploads\/2021\/05\/Flyer-Mandinga-08-05-1024x1024.jpg 1024w, https:\/\/cultura.sma.gob.ar\/wp-content\/uploads\/2021\/05\/Flyer-Mandinga-08-05-300x300.jpg 300w, https:\/\/cultura.sma.gob.ar\/wp-content\/uploads\/2021\/05\/Flyer-Mandinga-08-05-150x150.jpg 150w, https:\/\/cultura.sma.gob.ar\/wp-content\/uploads\/2021\/05\/Flyer-Mandinga-08-05-768x768.jpg 768w, https:\/\/cultura.sma.gob.ar\/wp-content\/uploads\/2021\/05\/Flyer-Mandinga-08-05-90x90.jpg 90w, https:\/\/cultura.sma.gob.ar\/wp-content\/uploads\/2021\/05\/Flyer-Mandinga-08-05.jpg 1280w\" sizes=\"auto, (max-width: 1024px) 100vw, 1024px\" \/><\/figure>\n\n\n\n<p><br>El s\u00e1bado 08 de mayo a las 21hs en la Sala Amankay de nuestro querido Centro Cultural Cotesma, disfrutaremos una nueva noche musical. En el marco del Ciclo \u201cMu.Sa.\u201d, regresa a nuestra sala MANDINGA.<br><br>Luego de su hermosa presentaci\u00f3n, en el marco del homenaje por los 100 a\u00f1os del maestro Astor Piazzolla, vuelven a nuestra sala para otro imperdible concierto.<br><br><strong><em>Mandinga<\/em><\/strong>\u00a0es un d\u00fao que reside en San Mart\u00edn de los Andes (Neuqu\u00e9n Argentina) formado por Fernando Formigo en quena y Sebasti\u00e1n Cenzano en piano (ambos docentes de la Escuela Superior de M\u00fasica San Mart\u00edn de los Andes), abordamos un repertorio de m\u00fasica popular argentina, pero sobre todo la m\u00fasica del Maestro Astor Piazzolla, y de este \u00faltimo piezas con poca difusi\u00f3n. Hace m\u00e1s de 2 a\u00f1os que trabajamos en empoderar la quena americana, maravilloso instrumento, llev\u00e1ndola a un desarrollo t\u00e9cnico y expresivo incorporando improvisaciones en g\u00e9neros que son poco convencionales para dicho instrumento, ensambl\u00e1ndolo con un emblem\u00e1tico instrumento como es el piano cl\u00e1sico. Ya hemos realizado varias presentaciones en la zona, dejando nuestra impronta, fuimos convocados para representar a Argentina en el:<br>-III Festival Internacional de Quenistas en Paris Francia, junio del 2019;<br>-Festival Internacional de Flautas del Mundo en Mendoza septiembre 2019, becados por el Fondo Nacional de las Artes;<br>-XII Encuentro Internacional de Quenistas, virtual 2020 Lima-Per\u00fa. Adem\u00e1s hemos realizado dos videos con el apoyo del INAMU (instituto nacional de la m\u00fasica) se pueden ver en nuestro canal de youtube:<br><a rel=\"noreferrer noopener\" href=\"https:\/\/correo.smandes.gov.ar\/owa\/redir.aspx?C=361be334ef4840e79d429852ab8c30c1&amp;URL=https%3a%2f%2fwww.youtube.com%2fchannel%2fUC_E-OuF8HtlHCd_XuVVZKmw\" target=\"_blank\">https:\/\/www.youtube.com\/channel\/UC_E-OuF8HtlHCd_XuVVZKmw<\/a><br><a rel=\"noreferrer noopener\" href=\"https:\/\/correo.smandes.gov.ar\/owa\/redir.aspx?C=361be334ef4840e79d429852ab8c30c1&amp;URL=https%3a%2f%2fyoutu.be%2fyv1brN1PwHg\" target=\"_blank\">https:\/\/youtu.be\/yv1brN1PwHg<\/a><br><a rel=\"noreferrer noopener\" href=\"https:\/\/correo.smandes.gov.ar\/owa\/redir.aspx?C=361be334ef4840e79d429852ab8c30c1&amp;URL=https%3a%2f%2fyoutu.be%2fdFixlG0iHDo\" target=\"_blank\">https:\/\/youtu.be\/dFixlG0iHDo<\/a><br><a rel=\"noreferrer noopener\" href=\"https:\/\/correo.smandes.gov.ar\/owa\/redir.aspx?C=361be334ef4840e79d429852ab8c30c1&amp;URL=https%3a%2f%2fyoutu.be%2fnZ4ho9ILFb0\" target=\"_blank\">https:\/\/youtu.be\/nZ4ho9ILFb0<br><br><\/a>Durante el periodo de pandemia, Mandinga ha recorrido los hospitales de la regi\u00f3n de los lagos, como Jun\u00edn de los Andes, San Martin de los Andes y Villa la Angostura, tocando para los trabajadores de la salud, y las personas que se encentran internadas.<br><br>MANDINGA es:<br>Sebasti\u00e1n Cenzano en Piano<br>Fernando Formigo en Quena<br>Mat\u00edas Quirno Costa en Producci\u00f3n Visual<br>Ra\u00fal Pina en Sonido<br><br>Entradas en venta en la boleteria del Centro Cultural.<br>Anticipadas $400.- El mismo d\u00eda $500.-<\/p>\n","protected":false},"excerpt":{"rendered":"<p>S\u00e1bado 8 de mayo &#8211; 21hs &#8211; Centro Cultural Cotesma <a href=\"https:\/\/cultura.sma.gob.ar\/?p=1625\" class=\"more-link\">Continue reading <span class=\"screen-reader-text\">Concierto de Mandinga en la Sala Amankay<\/span><\/a><\/p>\n","protected":false},"author":1,"featured_media":297,"comment_status":"closed","ping_status":"","sticky":false,"template":"","format":"image","meta":{"footnotes":""},"categories":[2],"tags":[],"class_list":["post-1625","post","type-post","status-publish","format-image","has-post-thumbnail","hentry","category-ciudad-cultural","post_format-post-format-image"],"_links":{"self":[{"href":"https:\/\/cultura.sma.gob.ar\/index.php?rest_route=\/wp\/v2\/posts\/1625","targetHints":{"allow":["GET"]}}],"collection":[{"href":"https:\/\/cultura.sma.gob.ar\/index.php?rest_route=\/wp\/v2\/posts"}],"about":[{"href":"https:\/\/cultura.sma.gob.ar\/index.php?rest_route=\/wp\/v2\/types\/post"}],"author":[{"embeddable":true,"href":"https:\/\/cultura.sma.gob.ar\/index.php?rest_route=\/wp\/v2\/users\/1"}],"replies":[{"embeddable":true,"href":"https:\/\/cultura.sma.gob.ar\/index.php?rest_route=%2Fwp%2Fv2%2Fcomments&post=1625"}],"version-history":[{"count":1,"href":"https:\/\/cultura.sma.gob.ar\/index.php?rest_route=\/wp\/v2\/posts\/1625\/revisions"}],"predecessor-version":[{"id":1627,"href":"https:\/\/cultura.sma.gob.ar\/index.php?rest_route=\/wp\/v2\/posts\/1625\/revisions\/1627"}],"wp:featuredmedia":[{"embeddable":true,"href":"https:\/\/cultura.sma.gob.ar\/index.php?rest_route=\/wp\/v2\/media\/297"}],"wp:attachment":[{"href":"https:\/\/cultura.sma.gob.ar\/index.php?rest_route=%2Fwp%2Fv2%2Fmedia&parent=1625"}],"wp:term":[{"taxonomy":"category","embeddable":true,"href":"https:\/\/cultura.sma.gob.ar\/index.php?rest_route=%2Fwp%2Fv2%2Fcategories&post=1625"},{"taxonomy":"post_tag","embeddable":true,"href":"https:\/\/cultura.sma.gob.ar\/index.php?rest_route=%2Fwp%2Fv2%2Ftags&post=1625"}],"curies":[{"name":"wp","href":"https:\/\/api.w.org\/{rel}","templated":true}]}}