{"id":1623,"date":"2021-05-03T11:25:57","date_gmt":"2021-05-03T14:25:57","guid":{"rendered":"http:\/\/cultura.sma.gob.ar\/?p=1623"},"modified":"2021-05-03T11:25:57","modified_gmt":"2021-05-03T14:25:57","slug":"6to-encuentro-nacional-de-musica-y-educacion-de-mumosi","status":"publish","type":"post","link":"https:\/\/cultura.sma.gob.ar\/?p=1623","title":{"rendered":"6to encuentro nacional de musica y educaci\u00f3n de MUMOSI"},"content":{"rendered":"\n<p>La Comisi\u00f3n Pedag\u00f3gica Nacional del Movimiento de M\u00fasica para ni\u00f1os y ni\u00f1as invita a la comunidad a participar del &#8220;6\u00b0 ENCUENTRO NACIONAL de M\u00daSICA y EDUCACI\u00d3N de MOMUSI &#8211; 2021&#8221; <\/p>\n\n\n\n<p>La modalidad ser\u00e1 virtual . Se trabajar\u00e1 sobre el tema &#8220;Educaci\u00f3n Musical en tiempo presente&#8221;. El encuentro consta de 9 Jornadas entre los meses de mayo, junio y julio donde se realizar\u00e1n talleres de capacitaci\u00f3n docente, dictados por profesionales pertenecientes al MOMUSI. Destinatarios: Educadores, M\u00fasicos, Estudiantes y toda persona interesada en la tem\u00e1tica. Se realizar\u00e1n los d\u00edas s\u00e1bados en el Horario de 9:30 a 13 hs. <\/p>\n\n\n\n<p>Fechas y sedes donde se desarrollar\u00e1n cada una de estas jornadas: <\/p>\n\n\n\n<p>08\/05 SAN JUAN &#8211; Regi\u00f3n CUYO <\/p>\n\n\n\n<p>15\/05 SANTA FE <\/p>\n\n\n\n<p>22\/05 TIERRA DEL FUEGO <\/p>\n\n\n\n<p>29\/05 MARMAWIZA<\/p>\n\n\n\n<p> 05\/06 C\u00d3RDOBA <\/p>\n\n\n\n<p>12\/06 AMBA<\/p>\n\n\n\n<p> 19\/06 ALTO VALLE <\/p>\n\n\n\n<p>26\/06 MAR Y SIERRA <\/p>\n\n\n\n<p>03\/07 SANTIAGO DEL ESTERO <\/p>\n\n\n\n<p>Para conocer con detalle Las Propuestas de capacitaci\u00f3n: www.momusi.org <\/p>\n\n\n\n<p>Para Inscribirse: https:\/\/forms.gle\/jFyHVSXjj4DXqkar6 <\/p>\n\n\n\n<p>Para Consultas: cpnmomusi@gmail.com<\/p>\n\n\n\n<p>Mas informaci\u00f3n en <a href=\"https:\/\/drive.google.com\/file\/d\/1Abi32UGJh8BgySw73Heu6ltB0xr8tjUR\/view?usp=drivesdk\" data-type=\"URL\" data-id=\"https:\/\/drive.google.com\/file\/d\/1Abi32UGJh8BgySw73Heu6ltB0xr8tjUR\/view?usp=drivesdk\">este link<\/a><\/p>\n","protected":false},"excerpt":{"rendered":"<p>La Comisi\u00f3n Pedag\u00f3gica Nacional del Movimiento de M\u00fasica para ni\u00f1os y ni\u00f1as invita a la comunidad a participar del &#8220;6\u00b0 ENCUENTRO NACIONAL de M\u00daSICA y EDUCACI\u00d3N de MOMUSI &#8211; 2021&#8221; La modalidad ser\u00e1 virtual . Se trabajar\u00e1 sobre el tema &#8220;Educaci\u00f3n Musical en tiempo presente&#8221;. El encuentro consta de 9 Jornadas entre los meses de mayo, junio y julio donde se realizar\u00e1n talleres de capacitaci\u00f3n &hellip; <a href=\"https:\/\/cultura.sma.gob.ar\/?p=1623\" class=\"more-link\">Continue reading <span class=\"screen-reader-text\">6to encuentro nacional de musica y educaci\u00f3n de MUMOSI<\/span><\/a><\/p>\n","protected":false},"author":1,"featured_media":297,"comment_status":"closed","ping_status":"","sticky":false,"template":"","format":"image","meta":{"footnotes":""},"categories":[2],"tags":[],"class_list":["post-1623","post","type-post","status-publish","format-image","has-post-thumbnail","hentry","category-ciudad-cultural","post_format-post-format-image"],"_links":{"self":[{"href":"https:\/\/cultura.sma.gob.ar\/index.php?rest_route=\/wp\/v2\/posts\/1623","targetHints":{"allow":["GET"]}}],"collection":[{"href":"https:\/\/cultura.sma.gob.ar\/index.php?rest_route=\/wp\/v2\/posts"}],"about":[{"href":"https:\/\/cultura.sma.gob.ar\/index.php?rest_route=\/wp\/v2\/types\/post"}],"author":[{"embeddable":true,"href":"https:\/\/cultura.sma.gob.ar\/index.php?rest_route=\/wp\/v2\/users\/1"}],"replies":[{"embeddable":true,"href":"https:\/\/cultura.sma.gob.ar\/index.php?rest_route=%2Fwp%2Fv2%2Fcomments&post=1623"}],"version-history":[{"count":1,"href":"https:\/\/cultura.sma.gob.ar\/index.php?rest_route=\/wp\/v2\/posts\/1623\/revisions"}],"predecessor-version":[{"id":1624,"href":"https:\/\/cultura.sma.gob.ar\/index.php?rest_route=\/wp\/v2\/posts\/1623\/revisions\/1624"}],"wp:featuredmedia":[{"embeddable":true,"href":"https:\/\/cultura.sma.gob.ar\/index.php?rest_route=\/wp\/v2\/media\/297"}],"wp:attachment":[{"href":"https:\/\/cultura.sma.gob.ar\/index.php?rest_route=%2Fwp%2Fv2%2Fmedia&parent=1623"}],"wp:term":[{"taxonomy":"category","embeddable":true,"href":"https:\/\/cultura.sma.gob.ar\/index.php?rest_route=%2Fwp%2Fv2%2Fcategories&post=1623"},{"taxonomy":"post_tag","embeddable":true,"href":"https:\/\/cultura.sma.gob.ar\/index.php?rest_route=%2Fwp%2Fv2%2Ftags&post=1623"}],"curies":[{"name":"wp","href":"https:\/\/api.w.org\/{rel}","templated":true}]}}