{"id":1618,"date":"2021-05-03T08:28:57","date_gmt":"2021-05-03T11:28:57","guid":{"rendered":"http:\/\/cultura.sma.gob.ar\/?p=1618"},"modified":"2021-05-03T13:48:34","modified_gmt":"2021-05-03T16:48:34","slug":"convocatoria-a-artistas-y-elencos-para-participar-del-6o-festival-infantil-de-invierno","status":"publish","type":"post","link":"https:\/\/cultura.sma.gob.ar\/?p=1618","title":{"rendered":"CONVOCATORIA A ARTISTAS Y ELENCOS PARA PARTICIPAR DEL 6\u00ba FESTIVAL INFANTIL DE INVIERNO"},"content":{"rendered":"\n<p>La Secretaria de Cultura convoca a artistas y compa\u00f1\u00edas a presentar propuestas de espect\u00e1culos infantiles para el 6to festival infantil de invierno, un ciclo de presentaciones destinadas a chicos y chicas de la localidad a realizarse durante las vacaciones de invierno en el mes de julio de 2021.<br><br>Los\/as interesados\/as deben completar el <a href=\"https:\/\/drive.google.com\/file\/d\/1kce_EohHK1msYOL9ApFEa5zdOO0Hsv7S\/view?usp=drivesdk\" data-type=\"URL\" data-id=\"https:\/\/drive.google.com\/file\/d\/1kce_EohHK1msYOL9ApFEa5zdOO0Hsv7S\/view?usp=drivesdk\">formulario de propuestas<\/a> y enviarlo al correo del Teatro San Jos\u00e9, <a href=\"mailto:teatro.sanjose@smandes.gov.ar\">teatro.sanjose@smandes.gov.ar<\/a> desde el 03 de mayo hasta el 28 de mayo de 2021. En asunto del correo especificar \u201cconvocatoria FIDI\u201d&nbsp;&nbsp;<br><br>En este a\u00f1o particular tendremos la posibilidad de hacer espect\u00e1culos presenciales, con el 50 % de la capacidad m\u00e1xima, respetando los protocolos sanitarios vigentes.<br>-Cada espect\u00e1culo deber\u00e1 tener una duraci\u00f3n de no menos de 45 minutos.<br>-Las propuestas deben adaptarse al protocolo sanitario vigente RESFC20MJG.<br>-Las compa\u00f1\u00edas que se postulen podr\u00e1n contar con hasta 4 integrantes en el espacio esc\u00e9nico y respetar el distanciamiento y dem\u00e1s medidas  contempladas en el protocolo antes indicado.<br>-Se priorizar\u00e1n espect\u00e1culos que propongan contenidos nuevos no presentados en festivales de invierno anteriores y cuyos artistas est\u00e9n registrados\/as en el REGISTRO DE HACEDORES CULTURALES (ver apartado &#8220;Noticias de inter\u00e9s&#8221; para acceder al formulario correspondiente en esta web)<br>-Se priorizar\u00e1n espect\u00e1culos de obras teatrales infantiles.<br>-Al igual que en ediciones anteriores, se pagar\u00e1 un monto base como acompa\u00f1amiento de gorra.<br>-Los espect\u00e1culos ser\u00e1n a la gorra<br>-Las presentaciones se har\u00e1n en el Teatro San Jos\u00e9 y en espacios alternativos.<br>-Las compa\u00f1\u00edas y\/o artistas deben poseer factura y constancia de cbu. Excluyente.&nbsp;<\/p>\n\n\n\n<figure class=\"wp-block-image size-large\"><img decoding=\"async\" src=\"http:\/\/cultura.sma.gob.ar\/wp-content\/uploads\/2021\/05\/fidi_21-01-1024x1024.jpg\" alt=\"\" class=\"wp-image-1619\"\/><\/figure>\n\n\n\n<p><\/p>\n","protected":false},"excerpt":{"rendered":"<p>Se recibir\u00e1n propuestas desde el 3 de mayo al 31 de mayo, completando el formulario correspondiente y envi\u00e1ndolo via mail. <a href=\"https:\/\/cultura.sma.gob.ar\/?p=1618\" class=\"more-link\">Continue reading <span class=\"screen-reader-text\">CONVOCATORIA A ARTISTAS Y ELENCOS PARA PARTICIPAR DEL 6\u00ba FESTIVAL INFANTIL DE INVIERNO<\/span><\/a><\/p>\n","protected":false},"author":1,"featured_media":1619,"comment_status":"closed","ping_status":"","sticky":false,"template":"","format":"image","meta":{"footnotes":""},"categories":[8,9],"tags":[],"class_list":["post-1618","post","type-post","status-publish","format-image","has-post-thumbnail","hentry","category-teatro-san-jose","category-ultimas-noticias","post_format-post-format-image"],"_links":{"self":[{"href":"https:\/\/cultura.sma.gob.ar\/index.php?rest_route=\/wp\/v2\/posts\/1618","targetHints":{"allow":["GET"]}}],"collection":[{"href":"https:\/\/cultura.sma.gob.ar\/index.php?rest_route=\/wp\/v2\/posts"}],"about":[{"href":"https:\/\/cultura.sma.gob.ar\/index.php?rest_route=\/wp\/v2\/types\/post"}],"author":[{"embeddable":true,"href":"https:\/\/cultura.sma.gob.ar\/index.php?rest_route=\/wp\/v2\/users\/1"}],"replies":[{"embeddable":true,"href":"https:\/\/cultura.sma.gob.ar\/index.php?rest_route=%2Fwp%2Fv2%2Fcomments&post=1618"}],"version-history":[{"count":2,"href":"https:\/\/cultura.sma.gob.ar\/index.php?rest_route=\/wp\/v2\/posts\/1618\/revisions"}],"predecessor-version":[{"id":1650,"href":"https:\/\/cultura.sma.gob.ar\/index.php?rest_route=\/wp\/v2\/posts\/1618\/revisions\/1650"}],"wp:featuredmedia":[{"embeddable":true,"href":"https:\/\/cultura.sma.gob.ar\/index.php?rest_route=\/wp\/v2\/media\/1619"}],"wp:attachment":[{"href":"https:\/\/cultura.sma.gob.ar\/index.php?rest_route=%2Fwp%2Fv2%2Fmedia&parent=1618"}],"wp:term":[{"taxonomy":"category","embeddable":true,"href":"https:\/\/cultura.sma.gob.ar\/index.php?rest_route=%2Fwp%2Fv2%2Fcategories&post=1618"},{"taxonomy":"post_tag","embeddable":true,"href":"https:\/\/cultura.sma.gob.ar\/index.php?rest_route=%2Fwp%2Fv2%2Ftags&post=1618"}],"curies":[{"name":"wp","href":"https:\/\/api.w.org\/{rel}","templated":true}]}}