{"id":1610,"date":"2021-04-30T08:37:00","date_gmt":"2021-04-30T11:37:00","guid":{"rendered":"http:\/\/cultura.sma.gob.ar\/?p=1610"},"modified":"2021-04-30T08:41:18","modified_gmt":"2021-04-30T11:41:18","slug":"marite-berbel-llega-a-san-martin-de-los-andes-en-el-marco-del-programateatro-san-jose-presenta","status":"publish","type":"post","link":"https:\/\/cultura.sma.gob.ar\/?p=1610","title":{"rendered":"Marite Berbel llega a San Mart\u00edn de los Andes en el marco del programaTeatro San Jos\u00e9 Presenta"},"content":{"rendered":"\n<p>En esta oportunidad, tenemos el agrado de recibir a <strong>Marite y d\u00fao Berbel<\/strong> en dos funciones: <strong>viernes 7 y s\u00e1bado 8 de mayo a las 21hs.<\/strong> Invitamos a la comunidad a disfrutar de esta propuesta caracter\u00edstica de nuestros paisajes, testimonios, y maneras de ser Patag\u00f3nicos.&nbsp;<\/p>\n\n\n\n<p>Una de las propuestas del programa <em>Teatro San Jos\u00e9 Presenta<\/em> es brindar entradas promocionales para garantizar el acceso a las funciones, con un valor de $100.&nbsp; El espect\u00e1culo es apto para disfrutar con&nbsp; toda la familia y se realiza bajo protocolos sanitarios vigentes.&nbsp;<\/p>\n\n\n\n<figure class=\"wp-block-image size-large\"><img decoding=\"async\" src=\"http:\/\/cultura.sma.gob.ar\/wp-content\/uploads\/2021\/04\/marite-berbel-01-1024x1024.jpg\" alt=\"\" class=\"wp-image-1611\"\/><\/figure>\n\n\n\n<p>El \u201cD\u00fao Berb\u00e9l\u201d est\u00e1 formado por Traful Berb\u00e9l (voz y guitarra) y Ayel\u00e9n Berb\u00e9l (voz y kultrum). Este d\u00fao se form\u00f3 en el a\u00f1o 2010 con la idea de defender y difundir la m\u00fasica patag\u00f3nica. Con temas como Pi\u00f1onero, Amutuy Soledad y Neuqu\u00e9n Trabum Mapu (Himno de Neuqu\u00e9n), continuaron el camino que inici\u00f3 su abuelo, Don Marcelo Berb\u00e9l, sus t\u00edos y su madre, Marit\u00e9 Berb\u00e9l. A su vez, tambi\u00e9n son los coristas de Marit\u00e9, recorriendo junto a ella los escenarios m\u00e1s importantes del pa\u00eds como el Festival de Cosqu\u00edn, De La Manzana, Del Puestero, Expo Plottier, Los Jardines, La Confluencia y en el Sal\u00f3n Blanco de la Casa Rosada, entre otros.<\/p>\n\n\n\n<p>Cincuenta a\u00f1os ininterrumpidos de canto avalan la trayectoria de de Mari\u00e9 Berbel, hija&nbsp; de Don Marcelo Berbel y hermana de los primeros \u201cHermanos Berbel\u201d. Considerada embajadora de la m\u00fasica Patag\u00f3nica, pronunciando un fuerte mensaje que contribuye al arraigo y defensa de nuestra cultura.<\/p>\n\n\n\n<p>Amiga entra\u00f1able de grandes referentes de la m\u00fasica argentina como, el Chaque\u00f1o Palavecino, Soledad Pastorutti, Los Carabajal, Jos\u00e9 Larralde, Juan Carlos Saravia, Abel Pintos entre otros.&nbsp;<\/p>\n\n\n\n<p>Las entradas ya se encuentran disponibles para la venta en el Teatro San Jos\u00e9.&nbsp;<\/p>\n\n\n\n<p>Correo: <a href=\"mailto:teatro.sanjose@smandes.gov.ar\">teatro.sanjose@smandes.gov.ar<\/a><\/p>\n\n\n\n<p>Tel\u00e9fono\/reservas: (02972) 424803<\/p>\n","protected":false},"excerpt":{"rendered":"<p>En esta oportunidad, tenemos el agrado de recibir a Marite y d\u00fao Berbel en dos funciones: viernes 7 y s\u00e1bado 8 de mayo a las 21hs. Invitamos a la comunidad a disfrutar de esta propuesta caracter\u00edstica de nuestros paisajes, testimonios, y maneras de ser Patag\u00f3nicos.  <a href=\"https:\/\/cultura.sma.gob.ar\/?p=1610\" class=\"more-link\">Continue reading <span class=\"screen-reader-text\">Marite Berbel llega a San Mart\u00edn de los Andes en el marco del programaTeatro San Jos\u00e9 Presenta<\/span><\/a><\/p>\n","protected":false},"author":1,"featured_media":1611,"comment_status":"closed","ping_status":"","sticky":false,"template":"","format":"image","meta":{"footnotes":""},"categories":[1,8,9],"tags":[],"class_list":["post-1610","post","type-post","status-publish","format-image","has-post-thumbnail","hentry","category-sin-categoria","category-teatro-san-jose","category-ultimas-noticias","post_format-post-format-image"],"_links":{"self":[{"href":"https:\/\/cultura.sma.gob.ar\/index.php?rest_route=\/wp\/v2\/posts\/1610","targetHints":{"allow":["GET"]}}],"collection":[{"href":"https:\/\/cultura.sma.gob.ar\/index.php?rest_route=\/wp\/v2\/posts"}],"about":[{"href":"https:\/\/cultura.sma.gob.ar\/index.php?rest_route=\/wp\/v2\/types\/post"}],"author":[{"embeddable":true,"href":"https:\/\/cultura.sma.gob.ar\/index.php?rest_route=\/wp\/v2\/users\/1"}],"replies":[{"embeddable":true,"href":"https:\/\/cultura.sma.gob.ar\/index.php?rest_route=%2Fwp%2Fv2%2Fcomments&post=1610"}],"version-history":[{"count":3,"href":"https:\/\/cultura.sma.gob.ar\/index.php?rest_route=\/wp\/v2\/posts\/1610\/revisions"}],"predecessor-version":[{"id":1615,"href":"https:\/\/cultura.sma.gob.ar\/index.php?rest_route=\/wp\/v2\/posts\/1610\/revisions\/1615"}],"wp:featuredmedia":[{"embeddable":true,"href":"https:\/\/cultura.sma.gob.ar\/index.php?rest_route=\/wp\/v2\/media\/1611"}],"wp:attachment":[{"href":"https:\/\/cultura.sma.gob.ar\/index.php?rest_route=%2Fwp%2Fv2%2Fmedia&parent=1610"}],"wp:term":[{"taxonomy":"category","embeddable":true,"href":"https:\/\/cultura.sma.gob.ar\/index.php?rest_route=%2Fwp%2Fv2%2Fcategories&post=1610"},{"taxonomy":"post_tag","embeddable":true,"href":"https:\/\/cultura.sma.gob.ar\/index.php?rest_route=%2Fwp%2Fv2%2Ftags&post=1610"}],"curies":[{"name":"wp","href":"https:\/\/api.w.org\/{rel}","templated":true}]}}