{"id":1599,"date":"2021-04-29T09:11:12","date_gmt":"2021-04-29T12:11:12","guid":{"rendered":"http:\/\/cultura.sma.gob.ar\/?p=1599"},"modified":"2021-04-29T09:11:12","modified_gmt":"2021-04-29T12:11:12","slug":"se-suspende-la-tormenta-porque-empieza-la-funcion-nueva-fecha","status":"publish","type":"post","link":"https:\/\/cultura.sma.gob.ar\/?p=1599","title":{"rendered":"&#8220;Se suspende la tormenta porque empieza la funci\u00f3n&#8221;: nueva fecha"},"content":{"rendered":"\n<p>Estimados, luego del gran \u00e9xito del estreno de la Variet\u00e9 &#8220;SE SUSPENDE LA TORMENTA PORQUE EMPIEZA LA FUNCI\u00d3N&#8221;, del viernes pasado, la Cooperativa de Arte MINKA regresa a nuestra querida Sala Amankay para m\u00e1s emociones y diversi\u00f3n.<\/p>\n\n\n\n<figure class=\"wp-block-gallery columns-3 is-cropped wp-block-gallery-1 is-layout-flex wp-block-gallery-is-layout-flex\"><ul class=\"blocks-gallery-grid\"><li class=\"blocks-gallery-item\"><figure><img loading=\"lazy\" decoding=\"async\" width=\"800\" height=\"534\" src=\"http:\/\/cultura.sma.gob.ar\/wp-content\/uploads\/2021\/04\/Topo-Chicho-jpeg.jpg\" alt=\"\" data-id=\"1600\" data-link=\"http:\/\/cultura.sma.gob.ar\/?attachment_id=1600\" class=\"wp-image-1600\" srcset=\"https:\/\/cultura.sma.gob.ar\/wp-content\/uploads\/2021\/04\/Topo-Chicho-jpeg.jpg 800w, https:\/\/cultura.sma.gob.ar\/wp-content\/uploads\/2021\/04\/Topo-Chicho-jpeg-300x200.jpg 300w, https:\/\/cultura.sma.gob.ar\/wp-content\/uploads\/2021\/04\/Topo-Chicho-jpeg-768x513.jpg 768w, https:\/\/cultura.sma.gob.ar\/wp-content\/uploads\/2021\/04\/Topo-Chicho-jpeg-135x90.jpg 135w\" sizes=\"auto, (max-width: 800px) 100vw, 800px\" \/><\/figure><\/li><li class=\"blocks-gallery-item\"><figure><img loading=\"lazy\" decoding=\"async\" width=\"800\" height=\"534\" src=\"http:\/\/cultura.sma.gob.ar\/wp-content\/uploads\/2021\/04\/Titeres-jpeg-1.jpg\" alt=\"\" data-id=\"1603\" data-link=\"http:\/\/cultura.sma.gob.ar\/?attachment_id=1603\" class=\"wp-image-1603\" srcset=\"https:\/\/cultura.sma.gob.ar\/wp-content\/uploads\/2021\/04\/Titeres-jpeg-1.jpg 800w, https:\/\/cultura.sma.gob.ar\/wp-content\/uploads\/2021\/04\/Titeres-jpeg-1-300x200.jpg 300w, https:\/\/cultura.sma.gob.ar\/wp-content\/uploads\/2021\/04\/Titeres-jpeg-1-768x513.jpg 768w, https:\/\/cultura.sma.gob.ar\/wp-content\/uploads\/2021\/04\/Titeres-jpeg-1-135x90.jpg 135w\" sizes=\"auto, (max-width: 800px) 100vw, 800px\" \/><\/figure><\/li><li class=\"blocks-gallery-item\"><figure><img loading=\"lazy\" decoding=\"async\" width=\"800\" height=\"534\" src=\"http:\/\/cultura.sma.gob.ar\/wp-content\/uploads\/2021\/04\/Puflo-jpeg.jpg\" alt=\"\" data-id=\"1604\" data-link=\"http:\/\/cultura.sma.gob.ar\/?attachment_id=1604\" class=\"wp-image-1604\" srcset=\"https:\/\/cultura.sma.gob.ar\/wp-content\/uploads\/2021\/04\/Puflo-jpeg.jpg 800w, https:\/\/cultura.sma.gob.ar\/wp-content\/uploads\/2021\/04\/Puflo-jpeg-300x200.jpg 300w, https:\/\/cultura.sma.gob.ar\/wp-content\/uploads\/2021\/04\/Puflo-jpeg-768x513.jpg 768w, https:\/\/cultura.sma.gob.ar\/wp-content\/uploads\/2021\/04\/Puflo-jpeg-135x90.jpg 135w\" sizes=\"auto, (max-width: 800px) 100vw, 800px\" \/><\/figure><\/li><li class=\"blocks-gallery-item\"><figure><img loading=\"lazy\" decoding=\"async\" width=\"800\" height=\"534\" src=\"http:\/\/cultura.sma.gob.ar\/wp-content\/uploads\/2021\/04\/Hombre-Bala-jpeg.jpg\" alt=\"\" data-id=\"1605\" data-link=\"http:\/\/cultura.sma.gob.ar\/?attachment_id=1605\" class=\"wp-image-1605\" srcset=\"https:\/\/cultura.sma.gob.ar\/wp-content\/uploads\/2021\/04\/Hombre-Bala-jpeg.jpg 800w, https:\/\/cultura.sma.gob.ar\/wp-content\/uploads\/2021\/04\/Hombre-Bala-jpeg-300x200.jpg 300w, https:\/\/cultura.sma.gob.ar\/wp-content\/uploads\/2021\/04\/Hombre-Bala-jpeg-768x513.jpg 768w, https:\/\/cultura.sma.gob.ar\/wp-content\/uploads\/2021\/04\/Hombre-Bala-jpeg-135x90.jpg 135w\" sizes=\"auto, (max-width: 800px) 100vw, 800px\" \/><\/figure><\/li><li class=\"blocks-gallery-item\"><figure><img loading=\"lazy\" decoding=\"async\" width=\"800\" height=\"534\" src=\"http:\/\/cultura.sma.gob.ar\/wp-content\/uploads\/2021\/04\/Claridad-jpeg.jpg\" alt=\"\" data-id=\"1606\" data-full-url=\"http:\/\/cultura.sma.gob.ar\/wp-content\/uploads\/2021\/04\/Claridad-jpeg.jpg\" data-link=\"http:\/\/cultura.sma.gob.ar\/?attachment_id=1606\" class=\"wp-image-1606\" srcset=\"https:\/\/cultura.sma.gob.ar\/wp-content\/uploads\/2021\/04\/Claridad-jpeg.jpg 800w, https:\/\/cultura.sma.gob.ar\/wp-content\/uploads\/2021\/04\/Claridad-jpeg-300x200.jpg 300w, https:\/\/cultura.sma.gob.ar\/wp-content\/uploads\/2021\/04\/Claridad-jpeg-768x513.jpg 768w, https:\/\/cultura.sma.gob.ar\/wp-content\/uploads\/2021\/04\/Claridad-jpeg-135x90.jpg 135w\" sizes=\"auto, (max-width: 800px) 100vw, 800px\" \/><\/figure><\/li><\/ul><\/figure>\n\n\n\n<p>A tomar nota: Domingo 02 de mayo a las 19hs. Entradas en venta. Cupos limitados, anticipadas con descuento.<\/p>\n\n\n\n<p>Pasen y vean, grandes y chiquos, de lo que hay no falta nada: t\u00edteres, m\u00fasica, poes\u00eda, acrobacias, payasos, burbujas. El clima y el equilibrio desafiados por la magia del espect\u00e1culo.<\/p>\n\n\n\n<p>Ya llega deschuflinado<br>desarmando un remolino,<br>en el cielo no hay esquinas<br>ah\u00ed todo el aire es camino.<br><br>El presente dice ahora<br>la magia lo raj\u00f3 al fr\u00edo,<br>para criar un recuerdo<br>el cuerpo pide un olvido.<br><br>Piloteando el equilibrio<br>despimpanando el envi\u00f3n<br>SE SUSPENDE LA TORMENTA<br>PORQUE EMPIEZA LA FUNCI\u00d3N.<\/p>\n\n\n\n<p>Dicen que ya est\u00e1 llegando<br>en nuestro pecho hay un sismo<br>dicen que cuando se vaya<br>ya no seremos los mismos.<\/p>\n\n\n\n<p>Camila Laurito, Cristian Romera \u201cChicho\u201d, Mar\u00eda Sol Lence \u201cCristal\u201d, Fernando Formigo, Ana Mugueta \u201cChina\u201d, Rafael Urretabizkaya, Leonardo Guevara, H\u00e9ctor Oscar Troncoso \u201cCachi\u201d, \u201cCondor\u201d Choklovich, Pablo Gabriel Gudi\u00f1o \u201cPuflo\u201d, Luisina Formigo, Omar Dario Gomez \u201cCachengue\u201d.<\/p>\n\n\n\n<p>Entradas anticipadas $300, el mismo d\u00eda $350, en venta en la boleteria del Centro Cultural. Cupos limitados.<br><br>Seguilos en redes:&nbsp;<a href=\"https:\/\/correo.smandes.gov.ar\/owa\/redir.aspx?C=3a082de24ba74a4ea3c362cdb8d85862&amp;URL=mailto%3acoopeminka%40gmail.com\">coopeminka@gmail.com<\/a><\/p>\n","protected":false},"excerpt":{"rendered":"<p>Domingo 2 de mayo a las 19hs en el Centro Cultural Cotesma <a href=\"https:\/\/cultura.sma.gob.ar\/?p=1599\" class=\"more-link\">Continue reading <span class=\"screen-reader-text\">&#8220;Se suspende la tormenta porque empieza la funci\u00f3n&#8221;: nueva fecha<\/span><\/a><\/p>\n","protected":false},"author":1,"featured_media":297,"comment_status":"closed","ping_status":"","sticky":false,"template":"","format":"image","meta":{"footnotes":""},"categories":[2],"tags":[],"class_list":["post-1599","post","type-post","status-publish","format-image","has-post-thumbnail","hentry","category-ciudad-cultural","post_format-post-format-image"],"_links":{"self":[{"href":"https:\/\/cultura.sma.gob.ar\/index.php?rest_route=\/wp\/v2\/posts\/1599","targetHints":{"allow":["GET"]}}],"collection":[{"href":"https:\/\/cultura.sma.gob.ar\/index.php?rest_route=\/wp\/v2\/posts"}],"about":[{"href":"https:\/\/cultura.sma.gob.ar\/index.php?rest_route=\/wp\/v2\/types\/post"}],"author":[{"embeddable":true,"href":"https:\/\/cultura.sma.gob.ar\/index.php?rest_route=\/wp\/v2\/users\/1"}],"replies":[{"embeddable":true,"href":"https:\/\/cultura.sma.gob.ar\/index.php?rest_route=%2Fwp%2Fv2%2Fcomments&post=1599"}],"version-history":[{"count":2,"href":"https:\/\/cultura.sma.gob.ar\/index.php?rest_route=\/wp\/v2\/posts\/1599\/revisions"}],"predecessor-version":[{"id":1607,"href":"https:\/\/cultura.sma.gob.ar\/index.php?rest_route=\/wp\/v2\/posts\/1599\/revisions\/1607"}],"wp:featuredmedia":[{"embeddable":true,"href":"https:\/\/cultura.sma.gob.ar\/index.php?rest_route=\/wp\/v2\/media\/297"}],"wp:attachment":[{"href":"https:\/\/cultura.sma.gob.ar\/index.php?rest_route=%2Fwp%2Fv2%2Fmedia&parent=1599"}],"wp:term":[{"taxonomy":"category","embeddable":true,"href":"https:\/\/cultura.sma.gob.ar\/index.php?rest_route=%2Fwp%2Fv2%2Fcategories&post=1599"},{"taxonomy":"post_tag","embeddable":true,"href":"https:\/\/cultura.sma.gob.ar\/index.php?rest_route=%2Fwp%2Fv2%2Ftags&post=1599"}],"curies":[{"name":"wp","href":"https:\/\/api.w.org\/{rel}","templated":true}]}}