{"id":1593,"date":"2021-04-27T08:19:04","date_gmt":"2021-04-27T11:19:04","guid":{"rendered":"http:\/\/cultura.sma.gob.ar\/?p=1593"},"modified":"2021-04-27T08:19:04","modified_gmt":"2021-04-27T11:19:04","slug":"nuevos-talleres-culturales-hoy-inicia-ajedrez","status":"publish","type":"post","link":"https:\/\/cultura.sma.gob.ar\/?p=1593","title":{"rendered":"Nuevos talleres culturales: hoy inicia Ajedrez"},"content":{"rendered":"\n<div class=\"wp-block-image\"><figure class=\"aligncenter size-large is-resized\"><img loading=\"lazy\" decoding=\"async\" src=\"http:\/\/cultura.sma.gob.ar\/wp-content\/uploads\/2021\/04\/talleres_municipales_nuevo-branding-04-1-1024x1024.jpg\" alt=\"\" class=\"wp-image-1594\" width=\"628\" height=\"628\"\/><\/figure><\/div>\n\n\n\n<h2 class=\"wp-block-heading\"> Ajedrez<\/h2>\n\n\n\n<p>Vuelve el cl\u00e1sico taller de ajedrez en la Biblioteca Popular 9 de Julio. La actividad, coordinada por Marco Montenegro, propone un lugar de encuentro para los\/as ajedrecistas que quieran perfeccionarse o solamente divertirse y tambi\u00e9n para aquellas personas que quieran aprender a jugar. Cupos Limitados. Para inscripciones y m\u00e1s informaci\u00f3n llamar al 424-804 o escribir a talleres.cultura@smandes.gov.ar<\/p>\n\n\n\n<div class=\"wp-block-image\"><figure class=\"aligncenter size-large\"><img loading=\"lazy\" decoding=\"async\" width=\"1024\" height=\"1024\" src=\"http:\/\/cultura.sma.gob.ar\/wp-content\/uploads\/2021\/04\/talleres_municipales_nuevo-branding-06-1-1024x1024.jpg\" alt=\"\" class=\"wp-image-1595\" srcset=\"https:\/\/cultura.sma.gob.ar\/wp-content\/uploads\/2021\/04\/talleres_municipales_nuevo-branding-06-1-1024x1024.jpg 1024w, https:\/\/cultura.sma.gob.ar\/wp-content\/uploads\/2021\/04\/talleres_municipales_nuevo-branding-06-1-300x300.jpg 300w, https:\/\/cultura.sma.gob.ar\/wp-content\/uploads\/2021\/04\/talleres_municipales_nuevo-branding-06-1-150x150.jpg 150w, https:\/\/cultura.sma.gob.ar\/wp-content\/uploads\/2021\/04\/talleres_municipales_nuevo-branding-06-1-768x768.jpg 768w, https:\/\/cultura.sma.gob.ar\/wp-content\/uploads\/2021\/04\/talleres_municipales_nuevo-branding-06-1-1536x1536.jpg 1536w, https:\/\/cultura.sma.gob.ar\/wp-content\/uploads\/2021\/04\/talleres_municipales_nuevo-branding-06-1-90x90.jpg 90w, https:\/\/cultura.sma.gob.ar\/wp-content\/uploads\/2021\/04\/talleres_municipales_nuevo-branding-06-1.jpg 1875w\" sizes=\"auto, (max-width: 1024px) 100vw, 1024px\" \/><\/figure><\/div>\n\n\n\n<h2 class=\"wp-block-heading\">Telar Mapuche<\/h2>\n\n\n\n<p>En esta actividad las personas interesadas podr\u00e1n aprender las t\u00e9cnicas del tejido del telar, que es una de las tradiciones culturales mapuche m\u00e1s antigua. La actividad est\u00e1 coordinada por Georgina y Beatriz Tripailaf, est\u00e1 dirigida a j\u00f3venes y adultos\/as y se realiza todos los martes de 14 a 17 en la Junta Vecinal del Vamep 36. Para inscripciones y m\u00e1s informaci\u00f3n llamar al 424-804 o escribir a talleres.cultura@smandes.gov.ar<\/p>\n\n\n\n<div class=\"wp-block-image\"><figure class=\"aligncenter size-large\"><img loading=\"lazy\" decoding=\"async\" width=\"1024\" height=\"1024\" src=\"http:\/\/cultura.sma.gob.ar\/wp-content\/uploads\/2021\/04\/talleres_municipales_nuevo-branding-02-1-1024x1024.jpg\" alt=\"\" class=\"wp-image-1596\" srcset=\"https:\/\/cultura.sma.gob.ar\/wp-content\/uploads\/2021\/04\/talleres_municipales_nuevo-branding-02-1-1024x1024.jpg 1024w, https:\/\/cultura.sma.gob.ar\/wp-content\/uploads\/2021\/04\/talleres_municipales_nuevo-branding-02-1-300x300.jpg 300w, https:\/\/cultura.sma.gob.ar\/wp-content\/uploads\/2021\/04\/talleres_municipales_nuevo-branding-02-1-150x150.jpg 150w, https:\/\/cultura.sma.gob.ar\/wp-content\/uploads\/2021\/04\/talleres_municipales_nuevo-branding-02-1-768x768.jpg 768w, https:\/\/cultura.sma.gob.ar\/wp-content\/uploads\/2021\/04\/talleres_municipales_nuevo-branding-02-1-1536x1536.jpg 1536w, https:\/\/cultura.sma.gob.ar\/wp-content\/uploads\/2021\/04\/talleres_municipales_nuevo-branding-02-1-90x90.jpg 90w, https:\/\/cultura.sma.gob.ar\/wp-content\/uploads\/2021\/04\/talleres_municipales_nuevo-branding-02-1.jpg 1875w\" sizes=\"auto, (max-width: 1024px) 100vw, 1024px\" \/><\/figure><\/div>\n\n\n\n<h2 class=\"wp-block-heading\">Juegos de mesa no convencionales<\/h2>\n\n\n\n<p>\u00a1Contin\u00faan los juegos de mesa no convencionales! Si te gustan los juegos de cartas como Magic, \u00a1Yu-Gi-Oh!, o los de rol como Calabozos y Dragones, o no los conoc\u00e9s pero quer\u00e9s aprender a jugarlos, no te pierdas el taller de Juegos de mesa no convencionales. La actividad est\u00e1 coordinada por Juan Pablo Villagra y se realiza todos los s\u00e1bados de 17 a 20 hs en la Biblioteca Popular 4 de Febrero. Cupos Limitados. Para inscripciones y m\u00e1s informaci\u00f3n llamar al 424-804 o escribir a talleres.cultura@smandes.gov.ar<\/p>\n","protected":false},"excerpt":{"rendered":"<p>Tres talleres culturales inician sus actividades esta semana.  <a href=\"https:\/\/cultura.sma.gob.ar\/?p=1593\" class=\"more-link\">Continue reading <span class=\"screen-reader-text\">Nuevos talleres culturales: hoy inicia Ajedrez<\/span><\/a><\/p>\n","protected":false},"author":1,"featured_media":1594,"comment_status":"closed","ping_status":"","sticky":false,"template":"","format":"image","meta":{"footnotes":""},"categories":[1,7,9],"tags":[],"class_list":["post-1593","post","type-post","status-publish","format-image","has-post-thumbnail","hentry","category-sin-categoria","category-talleres-cultura","category-ultimas-noticias","post_format-post-format-image"],"_links":{"self":[{"href":"https:\/\/cultura.sma.gob.ar\/index.php?rest_route=\/wp\/v2\/posts\/1593","targetHints":{"allow":["GET"]}}],"collection":[{"href":"https:\/\/cultura.sma.gob.ar\/index.php?rest_route=\/wp\/v2\/posts"}],"about":[{"href":"https:\/\/cultura.sma.gob.ar\/index.php?rest_route=\/wp\/v2\/types\/post"}],"author":[{"embeddable":true,"href":"https:\/\/cultura.sma.gob.ar\/index.php?rest_route=\/wp\/v2\/users\/1"}],"replies":[{"embeddable":true,"href":"https:\/\/cultura.sma.gob.ar\/index.php?rest_route=%2Fwp%2Fv2%2Fcomments&post=1593"}],"version-history":[{"count":1,"href":"https:\/\/cultura.sma.gob.ar\/index.php?rest_route=\/wp\/v2\/posts\/1593\/revisions"}],"predecessor-version":[{"id":1597,"href":"https:\/\/cultura.sma.gob.ar\/index.php?rest_route=\/wp\/v2\/posts\/1593\/revisions\/1597"}],"wp:featuredmedia":[{"embeddable":true,"href":"https:\/\/cultura.sma.gob.ar\/index.php?rest_route=\/wp\/v2\/media\/1594"}],"wp:attachment":[{"href":"https:\/\/cultura.sma.gob.ar\/index.php?rest_route=%2Fwp%2Fv2%2Fmedia&parent=1593"}],"wp:term":[{"taxonomy":"category","embeddable":true,"href":"https:\/\/cultura.sma.gob.ar\/index.php?rest_route=%2Fwp%2Fv2%2Fcategories&post=1593"},{"taxonomy":"post_tag","embeddable":true,"href":"https:\/\/cultura.sma.gob.ar\/index.php?rest_route=%2Fwp%2Fv2%2Ftags&post=1593"}],"curies":[{"name":"wp","href":"https:\/\/api.w.org\/{rel}","templated":true}]}}