{"id":1583,"date":"2021-04-26T10:22:05","date_gmt":"2021-04-26T13:22:05","guid":{"rendered":"http:\/\/cultura.sma.gob.ar\/?p=1583"},"modified":"2021-04-26T10:22:05","modified_gmt":"2021-04-26T13:22:05","slug":"ultima-proyeccion-del-ciclo-de-cine-risas-y-sonrisas","status":"publish","type":"post","link":"https:\/\/cultura.sma.gob.ar\/?p=1583","title":{"rendered":"\u00daltima proyecci\u00f3n del ciclo de cine Risas y Sonrisas"},"content":{"rendered":"\n<figure class=\"wp-block-image size-large\"><img loading=\"lazy\" decoding=\"async\" width=\"600\" height=\"800\" src=\"http:\/\/cultura.sma.gob.ar\/wp-content\/uploads\/2021\/04\/Goodbye-Lenin-Poster.jpg\" alt=\"\" class=\"wp-image-1584\" srcset=\"https:\/\/cultura.sma.gob.ar\/wp-content\/uploads\/2021\/04\/Goodbye-Lenin-Poster.jpg 600w, https:\/\/cultura.sma.gob.ar\/wp-content\/uploads\/2021\/04\/Goodbye-Lenin-Poster-225x300.jpg 225w, https:\/\/cultura.sma.gob.ar\/wp-content\/uploads\/2021\/04\/Goodbye-Lenin-Poster-68x90.jpg 68w\" sizes=\"auto, (max-width: 600px) 100vw, 600px\" \/><\/figure>\n\n\n\n<p><strong>5ta. TEMPORADA \u2013 A\u00d1O 2021<\/strong><strong> <\/strong><strong>\u2013 CICLO N\u00b0 30<\/strong><\/p>\n\n\n\n<p>Ciclo de cine organizado por la Asociaci\u00f3n Amigos del Museo Municipal \u201cPrimeros Pobladores\u201d \u2013 Jueves 20.30 hs \u2013 Sala Gunther Blaas<\/p>\n\n\n\n<p>Programaci\u00f3n y presentaci\u00f3n: Guillermo Ianniello<\/p>\n\n\n\n<p>Ciclo <strong>\u201cRISAS&nbsp; Y&nbsp; SONRISAS\u201d<\/strong><\/p>\n\n\n\n<p>El Jueves 29 de ABRIL se proyectar\u00e1 el film:<\/p>\n\n\n\n<p><strong>\u201cADI\u00d3S&nbsp; LEN\u00cdN\u201d.<\/strong> &nbsp;(2003-Color-Alemania)&nbsp;<\/p>\n\n\n\n<p>Una de las pocas pel\u00edculas que transmite humor y profunda emoci\u00f3n al mismo tiempo y que llena la atm\u00f3sfera de nostalgia sin caer en absurdos sentimentalismos, y al mismo tiempo te hace pensar sobre la sociedad en la que vivimos y los valores que rigen nuestras vidas.&nbsp;<\/p>\n\n\n\n<p>Es una historia con unas interpretaciones excelentes. El brillante montaje te pone en sincron\u00eda con aquella \u00e9poca de cambios, con aquella parte de la historia que hemos vivido y es muy cercana&#8230;<\/p>\n\n\n\n<p>\u00bfQu\u00e9 pasar\u00eda si un d\u00eda dejases un pa\u00eds comunista y volvieses a uno capitalista? \u00bfSi en tu ausencia el Muro de Berl\u00edn cayese?&nbsp;<\/p>\n\n\n\n<p>Y sin duda se esconde otra historia: la de amor de un hijo a su madre, que para protegerla construye una realidad a su medida, una burbuja de viejas creencias nost\u00e1lgicas y ut\u00f3picas en las que a veces todos se sienten a salvo.&nbsp;<\/p>\n\n\n\n<p>La magistral direcci\u00f3n de Becker consiste en lograr continuas situaciones c\u00f3micas en contraste con otras llenas de emoci\u00f3n, y al mismo tiempo, se permite criticar y mostrarnos las falencias de ambos sistemas : el capitalista y el comunista. Eso s\u00ed, con altas dosis de iron\u00eda.&nbsp;<\/p>\n\n\n\n<p>Muy buena. Sorprendente, divertida, humana y llena de emoci\u00f3n. No se pierdan este brillante film\u2026&nbsp;<\/p>\n\n\n\n<p>Duraci\u00f3n: 1 h 58\u2019&nbsp; \u2013 Daniel Bruhl \u2013 Katrin Sass \u2013 Maria Simon \u2013 Direcci\u00f3n: Wolfgang Becker<\/p>\n","protected":false},"excerpt":{"rendered":"<p>Jueves 29 de abril a las 20:30hs en la sala Gunther Blaas <a href=\"https:\/\/cultura.sma.gob.ar\/?p=1583\" class=\"more-link\">Continue reading <span class=\"screen-reader-text\">\u00daltima proyecci\u00f3n del ciclo de cine Risas y Sonrisas<\/span><\/a><\/p>\n","protected":false},"author":1,"featured_media":297,"comment_status":"closed","ping_status":"","sticky":false,"template":"","format":"image","meta":{"footnotes":""},"categories":[2],"tags":[],"class_list":["post-1583","post","type-post","status-publish","format-image","has-post-thumbnail","hentry","category-ciudad-cultural","post_format-post-format-image"],"_links":{"self":[{"href":"https:\/\/cultura.sma.gob.ar\/index.php?rest_route=\/wp\/v2\/posts\/1583","targetHints":{"allow":["GET"]}}],"collection":[{"href":"https:\/\/cultura.sma.gob.ar\/index.php?rest_route=\/wp\/v2\/posts"}],"about":[{"href":"https:\/\/cultura.sma.gob.ar\/index.php?rest_route=\/wp\/v2\/types\/post"}],"author":[{"embeddable":true,"href":"https:\/\/cultura.sma.gob.ar\/index.php?rest_route=\/wp\/v2\/users\/1"}],"replies":[{"embeddable":true,"href":"https:\/\/cultura.sma.gob.ar\/index.php?rest_route=%2Fwp%2Fv2%2Fcomments&post=1583"}],"version-history":[{"count":1,"href":"https:\/\/cultura.sma.gob.ar\/index.php?rest_route=\/wp\/v2\/posts\/1583\/revisions"}],"predecessor-version":[{"id":1585,"href":"https:\/\/cultura.sma.gob.ar\/index.php?rest_route=\/wp\/v2\/posts\/1583\/revisions\/1585"}],"wp:featuredmedia":[{"embeddable":true,"href":"https:\/\/cultura.sma.gob.ar\/index.php?rest_route=\/wp\/v2\/media\/297"}],"wp:attachment":[{"href":"https:\/\/cultura.sma.gob.ar\/index.php?rest_route=%2Fwp%2Fv2%2Fmedia&parent=1583"}],"wp:term":[{"taxonomy":"category","embeddable":true,"href":"https:\/\/cultura.sma.gob.ar\/index.php?rest_route=%2Fwp%2Fv2%2Fcategories&post=1583"},{"taxonomy":"post_tag","embeddable":true,"href":"https:\/\/cultura.sma.gob.ar\/index.php?rest_route=%2Fwp%2Fv2%2Ftags&post=1583"}],"curies":[{"name":"wp","href":"https:\/\/api.w.org\/{rel}","templated":true}]}}