{"id":1580,"date":"2021-04-26T10:14:42","date_gmt":"2021-04-26T13:14:42","guid":{"rendered":"http:\/\/cultura.sma.gob.ar\/?p=1580"},"modified":"2021-04-26T10:14:42","modified_gmt":"2021-04-26T13:14:42","slug":"co-incidencias-nueva-presentacion-musical-del-ciclo-mu-sa-en-el-centro-cultural-cotesma","status":"publish","type":"post","link":"https:\/\/cultura.sma.gob.ar\/?p=1580","title":{"rendered":"&#8220;Co-Incidencias&#8221;: nueva presentaci\u00f3n musical del ciclo Mu.Sa en el Centro Cultural Cotesma"},"content":{"rendered":"\n<figure class=\"wp-block-image size-large\"><img loading=\"lazy\" decoding=\"async\" width=\"1024\" height=\"1024\" src=\"http:\/\/cultura.sma.gob.ar\/wp-content\/uploads\/2021\/04\/Nico-Fau-Lucas-1024x1024.jpeg\" alt=\"\" class=\"wp-image-1581\" srcset=\"https:\/\/cultura.sma.gob.ar\/wp-content\/uploads\/2021\/04\/Nico-Fau-Lucas-1024x1024.jpeg 1024w, https:\/\/cultura.sma.gob.ar\/wp-content\/uploads\/2021\/04\/Nico-Fau-Lucas-300x300.jpeg 300w, https:\/\/cultura.sma.gob.ar\/wp-content\/uploads\/2021\/04\/Nico-Fau-Lucas-150x150.jpeg 150w, https:\/\/cultura.sma.gob.ar\/wp-content\/uploads\/2021\/04\/Nico-Fau-Lucas-768x768.jpeg 768w, https:\/\/cultura.sma.gob.ar\/wp-content\/uploads\/2021\/04\/Nico-Fau-Lucas-90x90.jpeg 90w, https:\/\/cultura.sma.gob.ar\/wp-content\/uploads\/2021\/04\/Nico-Fau-Lucas.jpeg 1280w\" sizes=\"auto, (max-width: 1024px) 100vw, 1024px\" \/><\/figure>\n\n\n\n<p><strong>CICLO M.U.S.A. en el Centro Cultural Cotesma<\/strong><\/p>\n\n\n\n<p><strong>\u201cCo-incidencia\u201d<\/strong><\/p>\n\n\n\n<p>El pr\u00f3ximo <strong>viernes, 30 de abril a las 21:00hs<\/strong> contin\u00faan las presentaciones en la <strong>Sala Amankay del Centro Cultural Cotesma,<\/strong> en el marco del <strong>Ciclo \u201cMu.Sa.\u201d<\/strong>. En esta oportunidad, con el espect\u00e1culo <strong>\u201cCo-incidencia\u201d<\/strong>.<\/p>\n\n\n\n<p>En esta propuesta los cantautores <strong>Nico Demarchi, Fau Leone y Lucas Lobos<\/strong> confluyen en un amplio repertorio, repleto de obras originales y versiones de la m\u00fasica popular en formato solista, d\u00faos, tr\u00edo y tambi\u00e9n con m\u00fasiques invitades.<\/p>\n\n\n\n<p>Entradas en venta en el Centro Cultural Cotesma.<\/p>\n\n\n\n<p><a href=\"mailto:musiquessanmartinenses@gmail.com\">musiquessanmartinenses@gmail.com<\/a><\/p>\n\n\n\n<p>Facebook: Mu.Sa. Musiques de SMA<\/p>\n\n\n\n<p>Instagram: @musa_smandes<\/p>\n\n\n\n<p>Cupo limitado para cuidarte y cuidarnos.&nbsp;<\/p>\n","protected":false},"excerpt":{"rendered":"<p>Viernes 30 de abril, a las 21hs en la Sala Amankay <a href=\"https:\/\/cultura.sma.gob.ar\/?p=1580\" class=\"more-link\">Continue reading <span class=\"screen-reader-text\">&#8220;Co-Incidencias&#8221;: nueva presentaci\u00f3n musical del ciclo Mu.Sa en el Centro Cultural Cotesma<\/span><\/a><\/p>\n","protected":false},"author":1,"featured_media":297,"comment_status":"closed","ping_status":"","sticky":false,"template":"","format":"image","meta":{"footnotes":""},"categories":[2],"tags":[],"class_list":["post-1580","post","type-post","status-publish","format-image","has-post-thumbnail","hentry","category-ciudad-cultural","post_format-post-format-image"],"_links":{"self":[{"href":"https:\/\/cultura.sma.gob.ar\/index.php?rest_route=\/wp\/v2\/posts\/1580","targetHints":{"allow":["GET"]}}],"collection":[{"href":"https:\/\/cultura.sma.gob.ar\/index.php?rest_route=\/wp\/v2\/posts"}],"about":[{"href":"https:\/\/cultura.sma.gob.ar\/index.php?rest_route=\/wp\/v2\/types\/post"}],"author":[{"embeddable":true,"href":"https:\/\/cultura.sma.gob.ar\/index.php?rest_route=\/wp\/v2\/users\/1"}],"replies":[{"embeddable":true,"href":"https:\/\/cultura.sma.gob.ar\/index.php?rest_route=%2Fwp%2Fv2%2Fcomments&post=1580"}],"version-history":[{"count":1,"href":"https:\/\/cultura.sma.gob.ar\/index.php?rest_route=\/wp\/v2\/posts\/1580\/revisions"}],"predecessor-version":[{"id":1582,"href":"https:\/\/cultura.sma.gob.ar\/index.php?rest_route=\/wp\/v2\/posts\/1580\/revisions\/1582"}],"wp:featuredmedia":[{"embeddable":true,"href":"https:\/\/cultura.sma.gob.ar\/index.php?rest_route=\/wp\/v2\/media\/297"}],"wp:attachment":[{"href":"https:\/\/cultura.sma.gob.ar\/index.php?rest_route=%2Fwp%2Fv2%2Fmedia&parent=1580"}],"wp:term":[{"taxonomy":"category","embeddable":true,"href":"https:\/\/cultura.sma.gob.ar\/index.php?rest_route=%2Fwp%2Fv2%2Fcategories&post=1580"},{"taxonomy":"post_tag","embeddable":true,"href":"https:\/\/cultura.sma.gob.ar\/index.php?rest_route=%2Fwp%2Fv2%2Ftags&post=1580"}],"curies":[{"name":"wp","href":"https:\/\/api.w.org\/{rel}","templated":true}]}}