{"id":1570,"date":"2021-04-23T09:36:31","date_gmt":"2021-04-23T12:36:31","guid":{"rendered":"http:\/\/cultura.sma.gob.ar\/?p=1570"},"modified":"2021-04-23T09:46:42","modified_gmt":"2021-04-23T12:46:42","slug":"1570","status":"publish","type":"post","link":"https:\/\/cultura.sma.gob.ar\/?p=1570","title":{"rendered":"Dos nuevas propuestas musicales en Men\u00fa Cultural y Calle Cultural"},"content":{"rendered":"\n<figure class=\"wp-block-image size-large\"><img loading=\"lazy\" decoding=\"async\" width=\"1024\" height=\"1013\" src=\"http:\/\/cultura.sma.gob.ar\/wp-content\/uploads\/2021\/04\/IMG-20210421-WA0077-1024x1013.jpg\" alt=\"\" class=\"wp-image-1571\" srcset=\"https:\/\/cultura.sma.gob.ar\/wp-content\/uploads\/2021\/04\/IMG-20210421-WA0077-1024x1013.jpg 1024w, https:\/\/cultura.sma.gob.ar\/wp-content\/uploads\/2021\/04\/IMG-20210421-WA0077-300x297.jpg 300w, https:\/\/cultura.sma.gob.ar\/wp-content\/uploads\/2021\/04\/IMG-20210421-WA0077-768x759.jpg 768w, https:\/\/cultura.sma.gob.ar\/wp-content\/uploads\/2021\/04\/IMG-20210421-WA0077-91x90.jpg 91w, https:\/\/cultura.sma.gob.ar\/wp-content\/uploads\/2021\/04\/IMG-20210421-WA0077.jpg 1080w\" sizes=\"auto, (max-width: 1024px) 100vw, 1024px\" \/><\/figure>\n\n\n\n<p>MEN\u00da CULTURAL<\/p>\n\n\n\n<p>S\u00e1bado 24 de abril: &nbsp;Amari Jazz&nbsp; se presenta a las 21.30hs. &nbsp;en CERVECER\u00cdA SURENIA .<\/p>\n\n\n\n<p>Celina Esteves y Emanuel Hermosilla presentan &nbsp;su repertorio de Jazz en&nbsp;Cervecer\u00eda Surenia, en Villa Paur.<\/p>\n\n\n\n<figure class=\"wp-block-image size-large is-resized\"><img loading=\"lazy\" decoding=\"async\" src=\"http:\/\/cultura.sma.gob.ar\/wp-content\/uploads\/2021\/04\/IMG-20210423-WA0005-edited-2.jpg\" alt=\"\" class=\"wp-image-1576\" width=\"577\" height=\"769\" srcset=\"https:\/\/cultura.sma.gob.ar\/wp-content\/uploads\/2021\/04\/IMG-20210423-WA0005-edited-2.jpg 671w, https:\/\/cultura.sma.gob.ar\/wp-content\/uploads\/2021\/04\/IMG-20210423-WA0005-edited-2-225x300.jpg 225w, https:\/\/cultura.sma.gob.ar\/wp-content\/uploads\/2021\/04\/IMG-20210423-WA0005-edited-2-67x90.jpg 67w\" sizes=\"auto, (max-width: 577px) 100vw, 577px\" \/><\/figure>\n\n\n\n<p>CALLE CULTURAL<\/p>\n\n\n\n<p>\u00a1M\u00fasica en vivo!&nbsp; A partir de las 18hs. en el play\u00f3n de la delegaci\u00f3n del Arenal, se presenta Sobel, con todo su repertorio de rock instrumental folcl\u00f3rico, con m\u00fasicos invitados!&nbsp;<\/p>\n","protected":false},"excerpt":{"rendered":"<p>Musica en vivo para este s\u00e1bado 24 de abril. <a href=\"https:\/\/cultura.sma.gob.ar\/?p=1570\" class=\"more-link\">Continue reading <span class=\"screen-reader-text\">Dos nuevas propuestas musicales en Men\u00fa Cultural y Calle Cultural<\/span><\/a><\/p>\n","protected":false},"author":1,"featured_media":296,"comment_status":"closed","ping_status":"","sticky":false,"template":"","format":"image","meta":{"footnotes":""},"categories":[3,9],"tags":[],"class_list":["post-1570","post","type-post","status-publish","format-image","has-post-thumbnail","hentry","category-eventos-cultura","category-ultimas-noticias","post_format-post-format-image"],"_links":{"self":[{"href":"https:\/\/cultura.sma.gob.ar\/index.php?rest_route=\/wp\/v2\/posts\/1570","targetHints":{"allow":["GET"]}}],"collection":[{"href":"https:\/\/cultura.sma.gob.ar\/index.php?rest_route=\/wp\/v2\/posts"}],"about":[{"href":"https:\/\/cultura.sma.gob.ar\/index.php?rest_route=\/wp\/v2\/types\/post"}],"author":[{"embeddable":true,"href":"https:\/\/cultura.sma.gob.ar\/index.php?rest_route=\/wp\/v2\/users\/1"}],"replies":[{"embeddable":true,"href":"https:\/\/cultura.sma.gob.ar\/index.php?rest_route=%2Fwp%2Fv2%2Fcomments&post=1570"}],"version-history":[{"count":3,"href":"https:\/\/cultura.sma.gob.ar\/index.php?rest_route=\/wp\/v2\/posts\/1570\/revisions"}],"predecessor-version":[{"id":1578,"href":"https:\/\/cultura.sma.gob.ar\/index.php?rest_route=\/wp\/v2\/posts\/1570\/revisions\/1578"}],"wp:featuredmedia":[{"embeddable":true,"href":"https:\/\/cultura.sma.gob.ar\/index.php?rest_route=\/wp\/v2\/media\/296"}],"wp:attachment":[{"href":"https:\/\/cultura.sma.gob.ar\/index.php?rest_route=%2Fwp%2Fv2%2Fmedia&parent=1570"}],"wp:term":[{"taxonomy":"category","embeddable":true,"href":"https:\/\/cultura.sma.gob.ar\/index.php?rest_route=%2Fwp%2Fv2%2Fcategories&post=1570"},{"taxonomy":"post_tag","embeddable":true,"href":"https:\/\/cultura.sma.gob.ar\/index.php?rest_route=%2Fwp%2Fv2%2Ftags&post=1570"}],"curies":[{"name":"wp","href":"https:\/\/api.w.org\/{rel}","templated":true}]}}