{"id":1563,"date":"2021-04-21T10:55:20","date_gmt":"2021-04-21T13:55:20","guid":{"rendered":"http:\/\/cultura.sma.gob.ar\/?p=1563"},"modified":"2021-04-21T10:55:20","modified_gmt":"2021-04-21T13:55:20","slug":"nunca-fuimos-timidos-taller-de-discusion-literaria","status":"publish","type":"post","link":"https:\/\/cultura.sma.gob.ar\/?p=1563","title":{"rendered":"&#8220;Nunca fuimos t\u00edmidos&#8221; &#8211; taller de discusi\u00f3n literaria"},"content":{"rendered":"\n<figure class=\"wp-block-image size-large\"><img loading=\"lazy\" decoding=\"async\" width=\"997\" height=\"994\" src=\"http:\/\/cultura.sma.gob.ar\/wp-content\/uploads\/2021\/04\/Polish_20210413_144539323.jpg\" alt=\"\" class=\"wp-image-1564\" srcset=\"https:\/\/cultura.sma.gob.ar\/wp-content\/uploads\/2021\/04\/Polish_20210413_144539323.jpg 997w, https:\/\/cultura.sma.gob.ar\/wp-content\/uploads\/2021\/04\/Polish_20210413_144539323-300x300.jpg 300w, https:\/\/cultura.sma.gob.ar\/wp-content\/uploads\/2021\/04\/Polish_20210413_144539323-150x150.jpg 150w, https:\/\/cultura.sma.gob.ar\/wp-content\/uploads\/2021\/04\/Polish_20210413_144539323-768x766.jpg 768w, https:\/\/cultura.sma.gob.ar\/wp-content\/uploads\/2021\/04\/Polish_20210413_144539323-90x90.jpg 90w\" sizes=\"auto, (max-width: 997px) 100vw, 997px\" \/><\/figure>\n\n\n\n<p><strong>&#8220;Nunca fuimos t\u00edmidos&#8221; <\/strong>es una discusi\u00f3n colectiva dividida en 12 encuentros virtuales que se desarrollar\u00e1n los jueves de mayo, junio y julio a las 16hs por Google Meet.<\/p>\n\n\n\n<p>En cada uno de ellos presentaremos una expresi\u00f3n de deseo plasmada en libros desde el siglo XIX al XXI. Entre todos debatiremos y nos preguntaremos muchas cosas referidas a ese deseo, su contexto y los cuerpos en donde habitaron. Adem\u00e1s plantearemos disparadores creativos opcionales para ir un pasito m\u00e1s all\u00e1.<\/p>\n\n\n\n<p>Cada clase se acompa\u00f1a de un newsletter con datos y curiosidades para trabajar en el encuentro.<\/p>\n\n\n\n<p>El taller completo de 12 clases m\u00e1s el material did\u00e1ctico tiene un costo de $5700( o $2000 por mes &#8211; consultar formas de pago) y las inscripciones se pueden hacer por mail a <a rel=\"noreferrer noopener\" href=\"mailto:nati.amendolaro@gmail.com\" target=\"_blank\">nati.amendolaro@gmail.com<\/a><\/p>\n\n\n\n<p><strong>Narrativa del deseo a trav\u00e9s del tiempo<\/strong><\/p>\n\n\n\n<p>Si\u00e9ntase libre de tomar notas, o solo escuchar, o dibujar, o tararear una melod\u00eda que irrumpa en su mente detonada por las palabras. Sepa que en este espacio vale cualquier forma de expresi\u00f3n art\u00edstica, verbal y no verbal. Si quiere bailar, baile. Si quiere improvisar, improvise. La \u00fanica condici\u00f3n es que explore, libremente, todos sus deseos.&nbsp;<\/p>\n\n\n\n<p><a href=\"https:\/\/docs.google.com\/document\/d\/1itIuSwMq_C6Jwff8jCX04B588yBLgVKKf5x9Q06SEcU\/edit?usp=drivesdk\" data-type=\"URL\" data-id=\"https:\/\/docs.google.com\/document\/d\/1itIuSwMq_C6Jwff8jCX04B588yBLgVKKf5x9Q06SEcU\/edit?usp=drivesdk\">Temario completo, clase por clase.<\/a><\/p>\n","protected":false},"excerpt":{"rendered":"<p>Formato virtual &#8211; jueves 16hs. Inicia 6 de mayo. <a href=\"https:\/\/cultura.sma.gob.ar\/?p=1563\" class=\"more-link\">Continue reading <span class=\"screen-reader-text\">&#8220;Nunca fuimos t\u00edmidos&#8221; &#8211; taller de discusi\u00f3n literaria<\/span><\/a><\/p>\n","protected":false},"author":1,"featured_media":297,"comment_status":"closed","ping_status":"","sticky":false,"template":"","format":"image","meta":{"footnotes":""},"categories":[2,9],"tags":[],"class_list":["post-1563","post","type-post","status-publish","format-image","has-post-thumbnail","hentry","category-ciudad-cultural","category-ultimas-noticias","post_format-post-format-image"],"_links":{"self":[{"href":"https:\/\/cultura.sma.gob.ar\/index.php?rest_route=\/wp\/v2\/posts\/1563","targetHints":{"allow":["GET"]}}],"collection":[{"href":"https:\/\/cultura.sma.gob.ar\/index.php?rest_route=\/wp\/v2\/posts"}],"about":[{"href":"https:\/\/cultura.sma.gob.ar\/index.php?rest_route=\/wp\/v2\/types\/post"}],"author":[{"embeddable":true,"href":"https:\/\/cultura.sma.gob.ar\/index.php?rest_route=\/wp\/v2\/users\/1"}],"replies":[{"embeddable":true,"href":"https:\/\/cultura.sma.gob.ar\/index.php?rest_route=%2Fwp%2Fv2%2Fcomments&post=1563"}],"version-history":[{"count":1,"href":"https:\/\/cultura.sma.gob.ar\/index.php?rest_route=\/wp\/v2\/posts\/1563\/revisions"}],"predecessor-version":[{"id":1565,"href":"https:\/\/cultura.sma.gob.ar\/index.php?rest_route=\/wp\/v2\/posts\/1563\/revisions\/1565"}],"wp:featuredmedia":[{"embeddable":true,"href":"https:\/\/cultura.sma.gob.ar\/index.php?rest_route=\/wp\/v2\/media\/297"}],"wp:attachment":[{"href":"https:\/\/cultura.sma.gob.ar\/index.php?rest_route=%2Fwp%2Fv2%2Fmedia&parent=1563"}],"wp:term":[{"taxonomy":"category","embeddable":true,"href":"https:\/\/cultura.sma.gob.ar\/index.php?rest_route=%2Fwp%2Fv2%2Fcategories&post=1563"},{"taxonomy":"post_tag","embeddable":true,"href":"https:\/\/cultura.sma.gob.ar\/index.php?rest_route=%2Fwp%2Fv2%2Ftags&post=1563"}],"curies":[{"name":"wp","href":"https:\/\/api.w.org\/{rel}","templated":true}]}}