{"id":1533,"date":"2021-04-19T10:00:49","date_gmt":"2021-04-19T13:00:49","guid":{"rendered":"http:\/\/cultura.sma.gob.ar\/?p=1533"},"modified":"2021-04-19T10:00:49","modified_gmt":"2021-04-19T13:00:49","slug":"taller-de-locucion-y-radio","status":"publish","type":"post","link":"https:\/\/cultura.sma.gob.ar\/?p=1533","title":{"rendered":"Taller de locuci\u00f3n y radio"},"content":{"rendered":"\n<figure class=\"wp-block-image size-large\"><img loading=\"lazy\" decoding=\"async\" width=\"1024\" height=\"1024\" src=\"http:\/\/cultura.sma.gob.ar\/wp-content\/uploads\/2021\/04\/Taller-de-Locucion-y-Radio-1024x1024.jpg\" alt=\"\" class=\"wp-image-1534\" srcset=\"https:\/\/cultura.sma.gob.ar\/wp-content\/uploads\/2021\/04\/Taller-de-Locucion-y-Radio-1024x1024.jpg 1024w, https:\/\/cultura.sma.gob.ar\/wp-content\/uploads\/2021\/04\/Taller-de-Locucion-y-Radio-300x300.jpg 300w, https:\/\/cultura.sma.gob.ar\/wp-content\/uploads\/2021\/04\/Taller-de-Locucion-y-Radio-150x150.jpg 150w, https:\/\/cultura.sma.gob.ar\/wp-content\/uploads\/2021\/04\/Taller-de-Locucion-y-Radio-768x768.jpg 768w, https:\/\/cultura.sma.gob.ar\/wp-content\/uploads\/2021\/04\/Taller-de-Locucion-y-Radio-90x90.jpg 90w, https:\/\/cultura.sma.gob.ar\/wp-content\/uploads\/2021\/04\/Taller-de-Locucion-y-Radio.jpg 1080w\" sizes=\"auto, (max-width: 1024px) 100vw, 1024px\" \/><\/figure>\n\n\n\n<p>El pr\u00f3ximo mi\u00e9rcoles, 05 de mayo a las 10:30hs en la Sala G\u00fcnther Blaas del Centro Cultural Cotesma, la Locutora Erica Marconi dar\u00e1 comienzo al Taller presencial de \u201cLOCUCI\u00d3N Y RADIO\u201d.<br><br>En cada encuentro se realizar\u00e1 un acercamiento al mundo de la Locuci\u00f3n a trav\u00e9s&nbsp;del conocimiento de la voz y sus caracter\u00edsticas, dicci\u00f3n, articulaci\u00f3n y proyecci\u00f3n como as\u00ed tambi\u00e9n se indagar\u00e1 en la estructura de un programa de radio abordando, art\u00edstica, producci\u00f3n y conducci\u00f3n.<br><br>El mismo ser\u00e1 te\u00f3rico-pr\u00e1ctico y tendr\u00e1 una duraci\u00f3n de dos meses.<br>No se requieren conocimientos previos, s\u00f3lo necesitas un anotador, birome y ganas de participar.&nbsp;<\/p>\n\n\n\n<p>Inscripci\u00f3n previa. Cupos limitados.&nbsp;Orientado a J\u00f3venes y Adultos.&nbsp;<br><br>Informes e inscripci\u00f3n: Loc.Erica Marconi, IG:&nbsp;@marconiisa | WA: +549341-3139319<\/p>\n\n\n\n<p>Comienzo: mi\u00e9rcoles 05 de mayo, 2021. 10:30 h. Gral. Roca 1154, SMA.<\/p>\n","protected":false},"excerpt":{"rendered":"<p>Miercoles de 10:30 a 12:30hs en el Centro Cultural Cotesma <a href=\"https:\/\/cultura.sma.gob.ar\/?p=1533\" class=\"more-link\">Continue reading <span class=\"screen-reader-text\">Taller de locuci\u00f3n y radio<\/span><\/a><\/p>\n","protected":false},"author":1,"featured_media":297,"comment_status":"closed","ping_status":"","sticky":false,"template":"","format":"image","meta":{"footnotes":""},"categories":[2],"tags":[],"class_list":["post-1533","post","type-post","status-publish","format-image","has-post-thumbnail","hentry","category-ciudad-cultural","post_format-post-format-image"],"_links":{"self":[{"href":"https:\/\/cultura.sma.gob.ar\/index.php?rest_route=\/wp\/v2\/posts\/1533","targetHints":{"allow":["GET"]}}],"collection":[{"href":"https:\/\/cultura.sma.gob.ar\/index.php?rest_route=\/wp\/v2\/posts"}],"about":[{"href":"https:\/\/cultura.sma.gob.ar\/index.php?rest_route=\/wp\/v2\/types\/post"}],"author":[{"embeddable":true,"href":"https:\/\/cultura.sma.gob.ar\/index.php?rest_route=\/wp\/v2\/users\/1"}],"replies":[{"embeddable":true,"href":"https:\/\/cultura.sma.gob.ar\/index.php?rest_route=%2Fwp%2Fv2%2Fcomments&post=1533"}],"version-history":[{"count":1,"href":"https:\/\/cultura.sma.gob.ar\/index.php?rest_route=\/wp\/v2\/posts\/1533\/revisions"}],"predecessor-version":[{"id":1535,"href":"https:\/\/cultura.sma.gob.ar\/index.php?rest_route=\/wp\/v2\/posts\/1533\/revisions\/1535"}],"wp:featuredmedia":[{"embeddable":true,"href":"https:\/\/cultura.sma.gob.ar\/index.php?rest_route=\/wp\/v2\/media\/297"}],"wp:attachment":[{"href":"https:\/\/cultura.sma.gob.ar\/index.php?rest_route=%2Fwp%2Fv2%2Fmedia&parent=1533"}],"wp:term":[{"taxonomy":"category","embeddable":true,"href":"https:\/\/cultura.sma.gob.ar\/index.php?rest_route=%2Fwp%2Fv2%2Fcategories&post=1533"},{"taxonomy":"post_tag","embeddable":true,"href":"https:\/\/cultura.sma.gob.ar\/index.php?rest_route=%2Fwp%2Fv2%2Ftags&post=1533"}],"curies":[{"name":"wp","href":"https:\/\/api.w.org\/{rel}","templated":true}]}}