{"id":1530,"date":"2021-04-19T09:56:32","date_gmt":"2021-04-19T12:56:32","guid":{"rendered":"http:\/\/cultura.sma.gob.ar\/?p=1530"},"modified":"2021-04-19T09:56:32","modified_gmt":"2021-04-19T12:56:32","slug":"hata-yoga-en-el-centro-cultural-cotesma","status":"publish","type":"post","link":"https:\/\/cultura.sma.gob.ar\/?p=1530","title":{"rendered":"Hata Yoga en el Centro Cultural Cotesma"},"content":{"rendered":"\n<figure class=\"wp-block-image size-large\"><img loading=\"lazy\" decoding=\"async\" width=\"1024\" height=\"1024\" src=\"http:\/\/cultura.sma.gob.ar\/wp-content\/uploads\/2021\/04\/Hatha-Yoga-Flyer-1024x1024.jpg\" alt=\"\" class=\"wp-image-1531\" srcset=\"https:\/\/cultura.sma.gob.ar\/wp-content\/uploads\/2021\/04\/Hatha-Yoga-Flyer-1024x1024.jpg 1024w, https:\/\/cultura.sma.gob.ar\/wp-content\/uploads\/2021\/04\/Hatha-Yoga-Flyer-300x300.jpg 300w, https:\/\/cultura.sma.gob.ar\/wp-content\/uploads\/2021\/04\/Hatha-Yoga-Flyer-150x150.jpg 150w, https:\/\/cultura.sma.gob.ar\/wp-content\/uploads\/2021\/04\/Hatha-Yoga-Flyer-768x768.jpg 768w, https:\/\/cultura.sma.gob.ar\/wp-content\/uploads\/2021\/04\/Hatha-Yoga-Flyer-90x90.jpg 90w, https:\/\/cultura.sma.gob.ar\/wp-content\/uploads\/2021\/04\/Hatha-Yoga-Flyer.jpg 1080w\" sizes=\"auto, (max-width: 1024px) 100vw, 1024px\" \/><\/figure>\n\n\n\n<p>El pr\u00f3ximo lunes, 03 de mayo, de 9hs a 10hs, en el Sal\u00f3n de Usos M\u00faltiples de nuestro querido Centro Cultural Cotesma, la Instructora Erica Marconi comienza las Clases de \u201cHATHA YOGA\u201d para j\u00f3venes y adultos.<br>Abierta a principiantes y avanzados. Solo ten\u00e9s que traer tu mat, colchoneta o manta gruesa para trabajar en el suelo. Ropa c\u00f3moda&nbsp;y botella de agua.&nbsp;<\/p>\n\n\n\n<p>El Hatha Yoga aporta: Armon\u00eda, flexibilidad, fortaleza, reduce la ansiedad, alivia tensiones y contracturas, es una poderosa herramienta para atenuar el estr\u00e9s y posibilita la conexi\u00f3n con el cuerpo mediante las t\u00e9cnicas de respiraci\u00f3n y meditaci\u00f3n.<\/p>\n\n\n\n<p>Cupos limitados, inscripci\u00f3n previa y consultas: WA:&nbsp;+549341-3139319 | IG:&nbsp;@marconiisa. Instructora: Erica Marconi<\/p>\n","protected":false},"excerpt":{"rendered":"<p>Los lunes a las 9 am en el Sal\u00f3n de usos m\u00faltiples del centro cultural. <a href=\"https:\/\/cultura.sma.gob.ar\/?p=1530\" class=\"more-link\">Continue reading <span class=\"screen-reader-text\">Hata Yoga en el Centro Cultural Cotesma<\/span><\/a><\/p>\n","protected":false},"author":1,"featured_media":297,"comment_status":"closed","ping_status":"","sticky":false,"template":"","format":"image","meta":{"footnotes":""},"categories":[2],"tags":[],"class_list":["post-1530","post","type-post","status-publish","format-image","has-post-thumbnail","hentry","category-ciudad-cultural","post_format-post-format-image"],"_links":{"self":[{"href":"https:\/\/cultura.sma.gob.ar\/index.php?rest_route=\/wp\/v2\/posts\/1530","targetHints":{"allow":["GET"]}}],"collection":[{"href":"https:\/\/cultura.sma.gob.ar\/index.php?rest_route=\/wp\/v2\/posts"}],"about":[{"href":"https:\/\/cultura.sma.gob.ar\/index.php?rest_route=\/wp\/v2\/types\/post"}],"author":[{"embeddable":true,"href":"https:\/\/cultura.sma.gob.ar\/index.php?rest_route=\/wp\/v2\/users\/1"}],"replies":[{"embeddable":true,"href":"https:\/\/cultura.sma.gob.ar\/index.php?rest_route=%2Fwp%2Fv2%2Fcomments&post=1530"}],"version-history":[{"count":1,"href":"https:\/\/cultura.sma.gob.ar\/index.php?rest_route=\/wp\/v2\/posts\/1530\/revisions"}],"predecessor-version":[{"id":1532,"href":"https:\/\/cultura.sma.gob.ar\/index.php?rest_route=\/wp\/v2\/posts\/1530\/revisions\/1532"}],"wp:featuredmedia":[{"embeddable":true,"href":"https:\/\/cultura.sma.gob.ar\/index.php?rest_route=\/wp\/v2\/media\/297"}],"wp:attachment":[{"href":"https:\/\/cultura.sma.gob.ar\/index.php?rest_route=%2Fwp%2Fv2%2Fmedia&parent=1530"}],"wp:term":[{"taxonomy":"category","embeddable":true,"href":"https:\/\/cultura.sma.gob.ar\/index.php?rest_route=%2Fwp%2Fv2%2Fcategories&post=1530"},{"taxonomy":"post_tag","embeddable":true,"href":"https:\/\/cultura.sma.gob.ar\/index.php?rest_route=%2Fwp%2Fv2%2Ftags&post=1530"}],"curies":[{"name":"wp","href":"https:\/\/api.w.org\/{rel}","templated":true}]}}