{"id":1526,"date":"2021-04-16T09:59:26","date_gmt":"2021-04-16T12:59:26","guid":{"rendered":"http:\/\/cultura.sma.gob.ar\/?p=1526"},"modified":"2021-04-16T09:59:26","modified_gmt":"2021-04-16T12:59:26","slug":"propuestas-de-calle-cultural-y-menu-cultural-para-este-sabado","status":"publish","type":"post","link":"https:\/\/cultura.sma.gob.ar\/?p=1526","title":{"rendered":"Propuestas de Calle Cultural y Men\u00fa Cultural para este s\u00e1bado"},"content":{"rendered":"\n<p><strong>MENU CULTURAL<\/strong><\/p>\n\n\n\n<ul class=\"wp-block-list\"><li><strong>S\u00e1bado 17 de abril; &nbsp;TODOCONCUERDA a las 22hs. en TIJUANA TACOS (Elordi 526)<\/strong><\/li><\/ul>\n\n\n\n<p>TODOCONCUERDA presenta su&nbsp; segundo \u00e1lbum, el cual fue seleccionado para los premios Gardel 2021.<\/p>\n\n\n\n<figure class=\"wp-block-image size-large is-resized\"><img loading=\"lazy\" decoding=\"async\" src=\"http:\/\/cultura.sma.gob.ar\/wp-content\/uploads\/2021\/04\/Screenshot_20210416-095806.png\" alt=\"\" class=\"wp-image-1527\" width=\"506\" height=\"296\" srcset=\"https:\/\/cultura.sma.gob.ar\/wp-content\/uploads\/2021\/04\/Screenshot_20210416-095806.png 1024w, https:\/\/cultura.sma.gob.ar\/wp-content\/uploads\/2021\/04\/Screenshot_20210416-095806-300x176.png 300w, https:\/\/cultura.sma.gob.ar\/wp-content\/uploads\/2021\/04\/Screenshot_20210416-095806-768x450.png 768w, https:\/\/cultura.sma.gob.ar\/wp-content\/uploads\/2021\/04\/Screenshot_20210416-095806-154x90.png 154w\" sizes=\"auto, (max-width: 506px) 100vw, 506px\" \/><\/figure>\n\n\n\n<p><strong>CALLE &nbsp;CULTURAL<\/strong><\/p>\n\n\n\n<ul class=\"wp-block-list\"><li><strong>S\u00e1bado 10 de abril, desde las 18hs, el payaso Chapuleta<\/strong>&nbsp;se presenta con un gran show de magia y circo, en la plaza del B\u00b0 Vega Maip\u00fa.<\/li><\/ul>\n","protected":false},"excerpt":{"rendered":"<p>MENU CULTURAL S\u00e1bado 17 de abril; &nbsp;TODOCONCUERDA a las 22hs. en TIJUANA TACOS (Elordi 526) TODOCONCUERDA presenta su&nbsp; segundo \u00e1lbum, el cual fue seleccionado para los premios Gardel 2021. CALLE &nbsp;CULTURAL S\u00e1bado 10 de abril, desde las 18hs, el payaso Chapuleta&nbsp;se presenta con un gran show de magia y circo, en la plaza del B\u00b0 Vega Maip\u00fa. <a href=\"https:\/\/cultura.sma.gob.ar\/?p=1526\" class=\"more-link\">Continue reading <span class=\"screen-reader-text\">Propuestas de Calle Cultural y Men\u00fa Cultural para este s\u00e1bado<\/span><\/a><\/p>\n","protected":false},"author":1,"featured_media":296,"comment_status":"closed","ping_status":"","sticky":false,"template":"","format":"image","meta":{"footnotes":""},"categories":[3,1],"tags":[],"class_list":["post-1526","post","type-post","status-publish","format-image","has-post-thumbnail","hentry","category-eventos-cultura","category-sin-categoria","post_format-post-format-image"],"_links":{"self":[{"href":"https:\/\/cultura.sma.gob.ar\/index.php?rest_route=\/wp\/v2\/posts\/1526","targetHints":{"allow":["GET"]}}],"collection":[{"href":"https:\/\/cultura.sma.gob.ar\/index.php?rest_route=\/wp\/v2\/posts"}],"about":[{"href":"https:\/\/cultura.sma.gob.ar\/index.php?rest_route=\/wp\/v2\/types\/post"}],"author":[{"embeddable":true,"href":"https:\/\/cultura.sma.gob.ar\/index.php?rest_route=\/wp\/v2\/users\/1"}],"replies":[{"embeddable":true,"href":"https:\/\/cultura.sma.gob.ar\/index.php?rest_route=%2Fwp%2Fv2%2Fcomments&post=1526"}],"version-history":[{"count":1,"href":"https:\/\/cultura.sma.gob.ar\/index.php?rest_route=\/wp\/v2\/posts\/1526\/revisions"}],"predecessor-version":[{"id":1528,"href":"https:\/\/cultura.sma.gob.ar\/index.php?rest_route=\/wp\/v2\/posts\/1526\/revisions\/1528"}],"wp:featuredmedia":[{"embeddable":true,"href":"https:\/\/cultura.sma.gob.ar\/index.php?rest_route=\/wp\/v2\/media\/296"}],"wp:attachment":[{"href":"https:\/\/cultura.sma.gob.ar\/index.php?rest_route=%2Fwp%2Fv2%2Fmedia&parent=1526"}],"wp:term":[{"taxonomy":"category","embeddable":true,"href":"https:\/\/cultura.sma.gob.ar\/index.php?rest_route=%2Fwp%2Fv2%2Fcategories&post=1526"},{"taxonomy":"post_tag","embeddable":true,"href":"https:\/\/cultura.sma.gob.ar\/index.php?rest_route=%2Fwp%2Fv2%2Ftags&post=1526"}],"curies":[{"name":"wp","href":"https:\/\/api.w.org\/{rel}","templated":true}]}}