{"id":1520,"date":"2021-04-14T10:43:06","date_gmt":"2021-04-14T13:43:06","guid":{"rendered":"http:\/\/cultura.sma.gob.ar\/?p=1520"},"modified":"2021-04-14T10:43:06","modified_gmt":"2021-04-14T13:43:06","slug":"inician-las-funciones-del-programa-teatro-san-jose-presenta","status":"publish","type":"post","link":"https:\/\/cultura.sma.gob.ar\/?p=1520","title":{"rendered":"Inician las funciones del programa \u201cTeatro San Jos\u00e9 Presenta\u201d"},"content":{"rendered":"\n<p>La Secretar\u00eda de Cultura anuncia el comienzo del programa TEATRO SAN JOS\u00c9 PRESENTA, que a lo largo de todo el a\u00f1o ofrecer\u00e1 un ciclo de presentaciones con el objetivo de promocionar las artes esc\u00e9nicas, favorecer la creaci\u00f3n y formaci\u00f3n de espectadores y fortalecer al Teatro San Jos\u00e9 como espacio cultural de la comunidad.<\/p>\n\n\n\n<p>Para favorecer el acceso a las funciones de TEATRO SAN JOS\u00c9 PRESENTA las entradas tendr\u00e1n un valor promocional de $100 y se adquieren en la boleter\u00eda del teatro.<\/p>\n\n\n\n<figure class=\"wp-block-image size-large\"><img decoding=\"async\" src=\"http:\/\/cultura.sma.gob.ar\/wp-content\/uploads\/2021\/04\/redes2-777x1024.jpg\" alt=\"\" class=\"wp-image-1521\"\/><\/figure>\n\n\n\n<p>La primera funci\u00f3n de esta propuesta ser\u00e1 &#8220;Gol de qui\u00e9n?&#8221;, una producci\u00f3n de la compa\u00f1\u00eda La Chalina, con direcci\u00f3n y actuaci\u00f3n de Mariano Tenaglia, compartiendo escenario con Alexei Samek y Guillermo Maquia Acosta.<\/p>\n\n\n\n<p>Ser\u00e1 el s\u00e1bado 17 de abril a las 21 hs, con entradas limitadas por cumplimiento del protocolo sanitario vigente, que ya se encuentran a la venta en la boleter\u00eda del teatro.<\/p>\n","protected":false},"excerpt":{"rendered":"<p>Ser\u00e1 el s\u00e1bado 17 de abril a las 21 hs, con entradas limitadas por cumplimiento del protocolo sanitario vigente, que ya se encuentran a la venta en la boleter\u00eda del teatro. <a href=\"https:\/\/cultura.sma.gob.ar\/?p=1520\" class=\"more-link\">Continue reading <span class=\"screen-reader-text\">Inician las funciones del programa \u201cTeatro San Jos\u00e9 Presenta\u201d<\/span><\/a><\/p>\n","protected":false},"author":1,"featured_media":1521,"comment_status":"closed","ping_status":"","sticky":false,"template":"","format":"image","meta":{"footnotes":""},"categories":[8,9],"tags":[],"class_list":["post-1520","post","type-post","status-publish","format-image","has-post-thumbnail","hentry","category-teatro-san-jose","category-ultimas-noticias","post_format-post-format-image"],"_links":{"self":[{"href":"https:\/\/cultura.sma.gob.ar\/index.php?rest_route=\/wp\/v2\/posts\/1520","targetHints":{"allow":["GET"]}}],"collection":[{"href":"https:\/\/cultura.sma.gob.ar\/index.php?rest_route=\/wp\/v2\/posts"}],"about":[{"href":"https:\/\/cultura.sma.gob.ar\/index.php?rest_route=\/wp\/v2\/types\/post"}],"author":[{"embeddable":true,"href":"https:\/\/cultura.sma.gob.ar\/index.php?rest_route=\/wp\/v2\/users\/1"}],"replies":[{"embeddable":true,"href":"https:\/\/cultura.sma.gob.ar\/index.php?rest_route=%2Fwp%2Fv2%2Fcomments&post=1520"}],"version-history":[{"count":1,"href":"https:\/\/cultura.sma.gob.ar\/index.php?rest_route=\/wp\/v2\/posts\/1520\/revisions"}],"predecessor-version":[{"id":1522,"href":"https:\/\/cultura.sma.gob.ar\/index.php?rest_route=\/wp\/v2\/posts\/1520\/revisions\/1522"}],"wp:featuredmedia":[{"embeddable":true,"href":"https:\/\/cultura.sma.gob.ar\/index.php?rest_route=\/wp\/v2\/media\/1521"}],"wp:attachment":[{"href":"https:\/\/cultura.sma.gob.ar\/index.php?rest_route=%2Fwp%2Fv2%2Fmedia&parent=1520"}],"wp:term":[{"taxonomy":"category","embeddable":true,"href":"https:\/\/cultura.sma.gob.ar\/index.php?rest_route=%2Fwp%2Fv2%2Fcategories&post=1520"},{"taxonomy":"post_tag","embeddable":true,"href":"https:\/\/cultura.sma.gob.ar\/index.php?rest_route=%2Fwp%2Fv2%2Ftags&post=1520"}],"curies":[{"name":"wp","href":"https:\/\/api.w.org\/{rel}","templated":true}]}}