{"id":1516,"date":"2021-04-14T09:42:00","date_gmt":"2021-04-14T12:42:00","guid":{"rendered":"http:\/\/cultura.sma.gob.ar\/?p=1516"},"modified":"2021-04-14T09:42:00","modified_gmt":"2021-04-14T12:42:00","slug":"taller-quiero-grabar-quiero-editar","status":"publish","type":"post","link":"https:\/\/cultura.sma.gob.ar\/?p=1516","title":{"rendered":"Taller &#8220;Quiero grabar, quiero editar&#8221;"},"content":{"rendered":"\n<figure class=\"wp-block-image size-large\"><img loading=\"lazy\" decoding=\"async\" width=\"1024\" height=\"1024\" src=\"http:\/\/cultura.sma.gob.ar\/wp-content\/uploads\/2021\/04\/COTESMA-01-de-03-posteo-1024x1024.jpg\" alt=\"\" class=\"wp-image-1517\" srcset=\"https:\/\/cultura.sma.gob.ar\/wp-content\/uploads\/2021\/04\/COTESMA-01-de-03-posteo-1024x1024.jpg 1024w, https:\/\/cultura.sma.gob.ar\/wp-content\/uploads\/2021\/04\/COTESMA-01-de-03-posteo-300x300.jpg 300w, https:\/\/cultura.sma.gob.ar\/wp-content\/uploads\/2021\/04\/COTESMA-01-de-03-posteo-150x150.jpg 150w, https:\/\/cultura.sma.gob.ar\/wp-content\/uploads\/2021\/04\/COTESMA-01-de-03-posteo-768x768.jpg 768w, https:\/\/cultura.sma.gob.ar\/wp-content\/uploads\/2021\/04\/COTESMA-01-de-03-posteo-1536x1536.jpg 1536w, https:\/\/cultura.sma.gob.ar\/wp-content\/uploads\/2021\/04\/COTESMA-01-de-03-posteo-2048x2048.jpg 2048w, https:\/\/cultura.sma.gob.ar\/wp-content\/uploads\/2021\/04\/COTESMA-01-de-03-posteo-90x90.jpg 90w\" sizes=\"auto, (max-width: 1024px) 100vw, 1024px\" \/><\/figure>\n\n\n\n<p>En Mayo, nuestra grilla de talleres suma una imperdible propuesta, tambi\u00e9n relacionada al mundo de la m\u00fasica: Pedro Liberalia presenta &#8220;QUIERO GRABAR, QUIERO EDITAR&#8221;, taller de M\u00fasica, Audio y Tecnolog\u00eda.<br>Para m\u00e1s detalles, click en el siguiente link:\u00a0<a rel=\"noreferrer noopener\" href=\"https:\/\/correo.smandes.gov.ar\/owa\/redir.aspx?C=73c1c25d23c2458d93114e0f8ae83777&amp;URL=http%3a%2f%2fcentrocultural.cotesma.com.ar%2factividades%2f1239\" target=\"_blank\">http:\/\/centrocultural.cotesma.com.ar\/actividades\/1239<\/a><\/p>\n\n\n\n<p><\/p>\n","protected":false},"excerpt":{"rendered":"<p>Desde el s\u00e1bado 8 de mayo, de 14 a 15:30hs en el Centro Cultural Cotesma <a href=\"https:\/\/cultura.sma.gob.ar\/?p=1516\" class=\"more-link\">Continue reading <span class=\"screen-reader-text\">Taller &#8220;Quiero grabar, quiero editar&#8221;<\/span><\/a><\/p>\n","protected":false},"author":1,"featured_media":297,"comment_status":"closed","ping_status":"","sticky":false,"template":"","format":"image","meta":{"footnotes":""},"categories":[2],"tags":[],"class_list":["post-1516","post","type-post","status-publish","format-image","has-post-thumbnail","hentry","category-ciudad-cultural","post_format-post-format-image"],"_links":{"self":[{"href":"https:\/\/cultura.sma.gob.ar\/index.php?rest_route=\/wp\/v2\/posts\/1516","targetHints":{"allow":["GET"]}}],"collection":[{"href":"https:\/\/cultura.sma.gob.ar\/index.php?rest_route=\/wp\/v2\/posts"}],"about":[{"href":"https:\/\/cultura.sma.gob.ar\/index.php?rest_route=\/wp\/v2\/types\/post"}],"author":[{"embeddable":true,"href":"https:\/\/cultura.sma.gob.ar\/index.php?rest_route=\/wp\/v2\/users\/1"}],"replies":[{"embeddable":true,"href":"https:\/\/cultura.sma.gob.ar\/index.php?rest_route=%2Fwp%2Fv2%2Fcomments&post=1516"}],"version-history":[{"count":1,"href":"https:\/\/cultura.sma.gob.ar\/index.php?rest_route=\/wp\/v2\/posts\/1516\/revisions"}],"predecessor-version":[{"id":1518,"href":"https:\/\/cultura.sma.gob.ar\/index.php?rest_route=\/wp\/v2\/posts\/1516\/revisions\/1518"}],"wp:featuredmedia":[{"embeddable":true,"href":"https:\/\/cultura.sma.gob.ar\/index.php?rest_route=\/wp\/v2\/media\/297"}],"wp:attachment":[{"href":"https:\/\/cultura.sma.gob.ar\/index.php?rest_route=%2Fwp%2Fv2%2Fmedia&parent=1516"}],"wp:term":[{"taxonomy":"category","embeddable":true,"href":"https:\/\/cultura.sma.gob.ar\/index.php?rest_route=%2Fwp%2Fv2%2Fcategories&post=1516"},{"taxonomy":"post_tag","embeddable":true,"href":"https:\/\/cultura.sma.gob.ar\/index.php?rest_route=%2Fwp%2Fv2%2Ftags&post=1516"}],"curies":[{"name":"wp","href":"https:\/\/api.w.org\/{rel}","templated":true}]}}